{"id":814,"date":"2023-01-19T14:58:15","date_gmt":"2023-01-19T13:58:15","guid":{"rendered":"https:\/\/www.fanny-dirriere.fr\/blog\/?p=814"},"modified":"2023-07-07T19:29:39","modified_gmt":"2023-07-07T17:29:39","slug":"quel-est-le-tarif-dun-graphiste-freelance","status":"publish","type":"post","link":"https:\/\/www.fanny-dirriere.fr\/blog\/quel-est-le-tarif-dun-graphiste-freelance\/","title":{"rendered":"Quel est le tarif d\u2019un graphiste freelance ?"},"content":{"rendered":"<span class=\"span-reading-time rt-reading-time\" style=\"display: block;\"><span class=\"rt-label rt-prefix\">Temps de lecture : <\/span> <span class=\"rt-time\"> 6<\/span> <span class=\"rt-label rt-postfix\">min<\/span><\/span>\n<p><strong>Le tarif d&rsquo;un graphiste freelance pour la cr\u00e9ation d&rsquo;un logo, d&rsquo;une carte de visite, d&rsquo;un flyer, d&rsquo;une affiche, d&rsquo;un d\u00e9pliant ou d&rsquo;autres supports de communication peut varier consid\u00e9rablement en fonction de plusieurs facteurs. Si vous envisagez de faire appel \u00e0 un graphiste freelance pour r\u00e9aliser ces supports pour votre entreprise, il est important de comprendre ces facteurs afin de pouvoir \u00e9tablir un budget ad\u00e9quat.<\/strong><\/p>\n\n\n\n<div id=\"ez-toc-container\" class=\"ez-toc-v2_0_82_2 ez-toc-wrap-left counter-hierarchy ez-toc-counter ez-toc-custom ez-toc-container-direction\">\n<div class=\"ez-toc-title-container\">\n<p class=\"ez-toc-title\" style=\"cursor:inherit\">Au sommaire<\/p>\n<span class=\"ez-toc-title-toggle\"><\/span><\/div>\n<nav><ul class='ez-toc-list ez-toc-list-level-1 ' ><li class='ez-toc-page-1 ez-toc-heading-level-2'><a class=\"ez-toc-link ez-toc-heading-1\" href=\"https:\/\/www.fanny-dirriere.fr\/blog\/quel-est-le-tarif-dun-graphiste-freelance\/#Les_differents_facteurs_qui_font_le_tarif_du_graphiste_freelance\" >Les diff\u00e9rents facteurs qui font le tarif du graphiste freelance<\/a><ul class='ez-toc-list-level-3' ><li class='ez-toc-heading-level-3'><a class=\"ez-toc-link ez-toc-heading-2\" href=\"https:\/\/www.fanny-dirriere.fr\/blog\/quel-est-le-tarif-dun-graphiste-freelance\/#Lexperience_et_les_qualification_dun_graphiste_freelance\" >L\u2019exp\u00e9rience et les qualification d\u2019un graphiste freelance<\/a><\/li><li class='ez-toc-page-1 ez-toc-heading-level-3'><a class=\"ez-toc-link ez-toc-heading-3\" href=\"https:\/\/www.fanny-dirriere.fr\/blog\/quel-est-le-tarif-dun-graphiste-freelance\/#La_complexite_du_projet\" >La complexit\u00e9 du projet<\/a><\/li><li class='ez-toc-page-1 ez-toc-heading-level-3'><a class=\"ez-toc-link ez-toc-heading-4\" href=\"https:\/\/www.fanny-dirriere.fr\/blog\/quel-est-le-tarif-dun-graphiste-freelance\/#La_localisation_du_graphiste_freelance\" >La localisation du graphiste freelance<\/a><\/li><\/ul><\/li><li class='ez-toc-page-1 ez-toc-heading-level-2'><a class=\"ez-toc-link ez-toc-heading-5\" href=\"https:\/\/www.fanny-dirriere.fr\/blog\/quel-est-le-tarif-dun-graphiste-freelance\/#Quel_est_le_prix_dun_logo_et_des_supports_de_communication_realises_par_un_graphiste_freelance\" >Quel est le prix d\u2019un logo et des supports de communication r\u00e9alis\u00e9s par un graphiste freelance ?&nbsp;<\/a><ul class='ez-toc-list-level-3' ><li class='ez-toc-heading-level-3'><a class=\"ez-toc-link ez-toc-heading-6\" href=\"https:\/\/www.fanny-dirriere.fr\/blog\/quel-est-le-tarif-dun-graphiste-freelance\/#Tarif_Creation_de_logo\" >Tarif \/ Cr\u00e9ation de logo<\/a><\/li><li class='ez-toc-page-1 ez-toc-heading-level-3'><a class=\"ez-toc-link ez-toc-heading-7\" href=\"https:\/\/www.fanny-dirriere.fr\/blog\/quel-est-le-tarif-dun-graphiste-freelance\/#Tarif_Creation_de_carte_de_visite\" >Tarif \/ Cr\u00e9ation de carte de visite<\/a><\/li><li class='ez-toc-page-1 ez-toc-heading-level-3'><a class=\"ez-toc-link ez-toc-heading-8\" href=\"https:\/\/www.fanny-dirriere.fr\/blog\/quel-est-le-tarif-dun-graphiste-freelance\/#Tarif_Creation_de_flyer\" >Tarif \/ Cr\u00e9ation de flyer<\/a><\/li><li class='ez-toc-page-1 ez-toc-heading-level-3'><a class=\"ez-toc-link ez-toc-heading-9\" href=\"https:\/\/www.fanny-dirriere.fr\/blog\/quel-est-le-tarif-dun-graphiste-freelance\/#Tarif_Creation_de_depliant\" >Tarif \/ Cr\u00e9ation de d\u00e9pliant<\/a><\/li><li class='ez-toc-page-1 ez-toc-heading-level-3'><a class=\"ez-toc-link ez-toc-heading-10\" href=\"https:\/\/www.fanny-dirriere.fr\/blog\/quel-est-le-tarif-dun-graphiste-freelance\/#Tarif_Creation_daffiche\" >Tarif \/ Cr\u00e9ation d&rsquo;affiche<\/a><\/li><li class='ez-toc-page-1 ez-toc-heading-level-3'><a class=\"ez-toc-link ez-toc-heading-11\" href=\"https:\/\/www.fanny-dirriere.fr\/blog\/quel-est-le-tarif-dun-graphiste-freelance\/#Tarif_Design_covering_de_camion_voiture%E2%80%A6\" >Tarif \/ Design covering de camion, voiture&#8230;<\/a><\/li><li class='ez-toc-page-1 ez-toc-heading-level-3'><a class=\"ez-toc-link ez-toc-heading-12\" href=\"https:\/\/www.fanny-dirriere.fr\/blog\/quel-est-le-tarif-dun-graphiste-freelance\/#Tarif_Site_web\" >Tarif \/ Site web<\/a><\/li><\/ul><\/li><li class='ez-toc-page-1 ez-toc-heading-level-2'><a class=\"ez-toc-link ez-toc-heading-13\" href=\"https:\/\/www.fanny-dirriere.fr\/blog\/quel-est-le-tarif-dun-graphiste-freelance\/#Pourquoi_le_tarif_dun_graphiste_freelance_nest_pas_toujours_visible_sur_son_site\" >Pourquoi le tarif d&rsquo;un graphiste freelance n&rsquo;est pas toujours visible sur son site ?<\/a><\/li><li class='ez-toc-page-1 ez-toc-heading-level-2'><a class=\"ez-toc-link ez-toc-heading-14\" href=\"https:\/\/www.fanny-dirriere.fr\/blog\/quel-est-le-tarif-dun-graphiste-freelance\/#Pour_conclure\" >Pour conclure<\/a><\/li><\/ul><\/nav><\/div>\n<h2 class=\"wp-block-heading\"><span class=\"ez-toc-section\" id=\"Les_differents_facteurs_qui_font_le_tarif_du_graphiste_freelance\"><\/span>Les diff\u00e9rents facteurs qui font le tarif du graphiste freelance<span class=\"ez-toc-section-end\"><\/span><\/h2>\n\n\n\n<h3 class=\"wp-block-heading\"><span class=\"ez-toc-section\" id=\"Lexperience_et_les_qualification_dun_graphiste_freelance\"><\/span>L\u2019exp\u00e9rience et les qualification d\u2019un graphiste freelance<span class=\"ez-toc-section-end\"><\/span><\/h3>\n\n\n\n<p>Tout d&rsquo;abord, le niveau d&rsquo;exp\u00e9rience et les qualifications du graphiste jouent un r\u00f4le majeur dans l&rsquo;\u00e9tablissement des prix. Un graphiste freelance d\u00e9butant pourra facturer des tarifs moins \u00e9lev\u00e9s qu&rsquo;un graphiste exp\u00e9riment\u00e9 ayant une forte expertise dans son domaine. Un graphiste qui se lance dans son activit\u00e9 facture g\u00e9n\u00e9ralement <strong>300 \u20ac la journ\u00e9e (ou 30 \u20ac de l&rsquo;heure)<\/strong>.<\/p>\n\n\n\n<h3 class=\"wp-block-heading\"><span class=\"ez-toc-section\" id=\"La_complexite_du_projet\"><\/span>La complexit\u00e9 du projet<span class=\"ez-toc-section-end\"><\/span><\/h3>\n\n\n\n<p>La complexit\u00e9 du projet est un facteur cl\u00e9 dans l&rsquo;\u00e9tablissement des prix. Un logo simple n\u00e9cessitant moins de temps et de ressources qu&rsquo;un logo plus complexe sera factur\u00e9 \u00e0 un tarif inf\u00e9rieur. De m\u00eame, une carte de visite simple sera moins ch\u00e8re qu&rsquo;une carte de visite avec des finitions avanc\u00e9es. Par exemple, la cr\u00e9ation d\u2019illustrations, les effets de d\u00e9coupe ou un vernis s\u00e9lectif. Pensez aussi aux diff\u00e9rentes \u00e9tapes de la cr\u00e9ation. Vous avez les <strong>phases de recherche, d\u2019analyse, les essais et le nombre de maquettes et de retouches<\/strong>. <strong>Plus le projet sera ambitieux, plus le graphiste freelance prendra le temps n\u00e9cessaire \u00e0 ce projet<\/strong>.&nbsp;<\/p>\n\n\n\n<h3 class=\"wp-block-heading\"><span class=\"ez-toc-section\" id=\"La_localisation_du_graphiste_freelance\"><\/span>La localisation du graphiste freelance<span class=\"ez-toc-section-end\"><\/span><\/h3>\n\n\n\n<p>L\u2019emplacement du graphiste freelance peut \u00e9galement \u00eatre un facteur \u00e0 prendre en compte dans ses tarifs. Les graphistes bas\u00e9s dans les <strong>grandes villes <\/strong>comme Paris auront g\u00e9n\u00e9ralement des <strong>tarifs plus \u00e9lev\u00e9s <\/strong>que les graphistes bas\u00e9s dans des zones rurales ou des villes de taille moyenne.<\/p>\n\n\n\n<h2 class=\"wp-block-heading\"><span class=\"ez-toc-section\" id=\"Quel_est_le_prix_dun_logo_et_des_supports_de_communication_realises_par_un_graphiste_freelance\"><\/span>Quel est le prix d\u2019un logo et des supports de communication r\u00e9alis\u00e9s par un graphiste freelance ?&nbsp;<span class=\"ez-toc-section-end\"><\/span><\/h2>\n\n\n\n<p>Comme \u00e9voqu\u00e9 dans cet article, le tarif pour la cr\u00e9ation d&rsquo;un logo et des supports de communication professionnels varie en fonction du <strong>niveau d\u2019exp\u00e9rience <\/strong>et des <strong>qualifications du graphiste freelance<\/strong>, de la <strong>complexit\u00e9 du projet <\/strong>et de la <strong>localisation<\/strong> du graphiste. <\/p>\n\n\n\n<p><strong>La grille tarifaire d&rsquo;un graphiste freelance n&rsquo;existe pas vraiment.<\/strong> <strong>Suivant ces diff\u00e9rents facteurs, je vous donne une id\u00e9e des tarifs qui vous permettront d\u2019y voir plus clair avec quelques exemples de supports.<\/strong><\/p>\n\n\n\n<h3 class=\"wp-block-heading\"><span class=\"ez-toc-section\" id=\"Tarif_Creation_de_logo\"><\/span>Tarif \/ Cr\u00e9ation de logo<span class=\"ez-toc-section-end\"><\/span><\/h3>\n\n\n\n<p class=\"has-background\" style=\"background-color:#f4f4f4\">Le prix pour un <strong>logo<\/strong> r\u00e9alis\u00e9 par un graphiste professionnel peut varier <strong>entre 300 et 600 \u20ac<\/strong>. Un logo plus complexe peut co\u00fbter jusqu&rsquo;\u00e0 plusieurs milliers d&rsquo;euros. Le tarif d\u00e9pendra aussi du nombre de maquettes et du nombre de retouches ou r\u00e9visions pour le projet. Il est donc important de<strong> d\u00e9finir un budget pour votre projet de logo<\/strong>. Vous pourrez alors \u00e9changer avec votre graphiste afin de voir s&rsquo;il est en mesure de r\u00e9aliser ce projet.<br>&gt; <a href=\"https:\/\/www.fanny-dirriere.fr\/contact\">Me demander un devis pour la cr\u00e9ation de votre logo<\/a><\/p>\n\n\n\n<h3 class=\"wp-block-heading\"><span class=\"ez-toc-section\" id=\"Tarif_Creation_de_carte_de_visite\"><\/span>Tarif \/ Cr\u00e9ation de carte de visite<span class=\"ez-toc-section-end\"><\/span><\/h3>\n\n\n\n<p class=\"has-background\" style=\"background-color:#f4f4f4\">En moyenne, la cr\u00e9ation graphique d\u2019une <strong>carte de visit<\/strong>e peut co\u00fbter <strong>entre 50 et 200 \u20ac<\/strong>. Va s\u2019ajouter \u00e0 cela les tarifs d\u2019impression. Le prix va varier suivant le nombre d&rsquo;exemplaires et la qualit\u00e9 du support utilis\u00e9. Vous pouvez faire le choix de faire appel \u00e0 un graphiste freelance pour g\u00e9rer l\u2019impression de vos cartes de visite. Le graphiste d\u00e9l\u00e9gue g\u00e9n\u00e9ralement l\u2019impression et les clients se dirigent vers un imprimeur local ou un site en ligne tel quel <a href=\"https:\/\/www.vistaprint.fr\/\" target=\"_blank\" rel=\"noreferrer noopener\">Vistaprint<\/a> suivant le budget.<br>&gt; <a href=\"https:\/\/www.fanny-dirriere.fr\/contact\">Me demander un devis pour la cr\u00e9ation de votre carte de visite<\/a><\/p>\n\n\n\n<h3 class=\"wp-block-heading\"><span class=\"ez-toc-section\" id=\"Tarif_Creation_de_flyer\"><\/span>Tarif \/ Cr\u00e9ation de flyer<span class=\"ez-toc-section-end\"><\/span><\/h3>\n\n\n\n<p class=\"has-background\" style=\"background-color:#f4f4f4\">La cr\u00e9ation des <strong>flyers<\/strong> peuvent co\u00fbter <strong>entre<\/strong> <strong>100 et 1000 \u20ac<\/strong> selon la complexit\u00e9 du projet. Va s\u2019ajouter \u00e0 cela les tarifs d\u2019impression du flyer. Le prix va varier suivant le nombre d&rsquo;exemplaires et la qualit\u00e9 du support utilis\u00e9. Vous pouvez faire le choix de faire appel \u00e0 un graphiste freelance pour g\u00e9rer l\u2019impression des vos flyer. Le graphiste d\u00e9l\u00e9gue g\u00e9n\u00e9ralement l\u2019impression et les clients se dirigent vers un imprimeur local ou un site en ligne tel quel <a href=\"https:\/\/www.vistaprint.fr\/\" target=\"_blank\" rel=\"noreferrer noopener\">Vistaprint<\/a> suivant le budget.<br>&gt; <a href=\"https:\/\/www.fanny-dirriere.fr\/contact\">Me demander un devis pour la cr\u00e9ation de votre flyer<\/a><\/p>\n\n\n\n<h3 class=\"wp-block-heading\"><span class=\"ez-toc-section\" id=\"Tarif_Creation_de_depliant\"><\/span>Tarif \/ Cr\u00e9ation de d\u00e9pliant<span class=\"ez-toc-section-end\"><\/span><\/h3>\n\n\n\n<p class=\"has-background\" style=\"background-color:#f4f4f4\">La conception des <strong>d\u00e9pliants<\/strong> peuvent co\u00fbter entre <strong>200 et 2000 \u20ac<\/strong> selon leur format et la complexit\u00e9 du projet. Va s\u2019ajouter \u00e0 cela les tarifs d\u2019impression. Le prix va varier suivant le nombre d&rsquo;exemplaires et la qualit\u00e9 du support utilis\u00e9. Vous pouvez faire le choix de faire appel \u00e0 un graphiste freelance pour g\u00e9rer l\u2019impression de vos d\u00e9pliants. Le graphiste d\u00e9l\u00e9gue g\u00e9n\u00e9ralement l\u2019impression et les clients se dirigent vers un imprimeur local ou un site en ligne tel quel <a href=\"https:\/\/www.vistaprint.fr\/\" target=\"_blank\" rel=\"noreferrer noopener\">Vistaprint<\/a> suivant le budget.<br>&gt; <a href=\"https:\/\/www.fanny-dirriere.fr\/contact\">Me demander un devis pour la cr\u00e9ation de votre d\u00e9pliant<\/a><\/p>\n\n\n\n<h3 class=\"wp-block-heading\"><span class=\"ez-toc-section\" id=\"Tarif_Creation_daffiche\"><\/span>Tarif \/ Cr\u00e9ation d&rsquo;affiche<span class=\"ez-toc-section-end\"><\/span><\/h3>\n\n\n\n<p class=\"has-background\" style=\"background-color:#f4f4f4\">Le <strong>tarif d&rsquo;une affiche<\/strong> r\u00e9alis\u00e9e par un graphiste ind\u00e9pendant varie consid\u00e9rablement en fonction de plusieurs facteurs tels que les comp\u00e9tences et l&rsquo;exp\u00e9rience du graphiste, la complexit\u00e9 de l&rsquo;affiche et le(s) format(s) souhait\u00e9(s). Une affiche simple peut co\u00fbter <strong>entre 100 et 500 \u20ac<\/strong>. Une affiche plus complexe peut co\u00fbter jusqu&rsquo;\u00e0 plusieurs milliers d&rsquo;euros. Le tarif d&rsquo;une affiche peut varier en fonction des besoins sp\u00e9cifiques du projet et des qualifications du graphiste. Les tarifs d\u2019impression ou de diffusion au format digitalis\u00e9 vont ensuite s\u2019ajouter \u00e0 la partie cr\u00e9ation de l\u2019affiche.<br>&gt; <a href=\"https:\/\/www.fanny-dirriere.fr\/contact\">Me demander un devis pour la cr\u00e9ation de votre affiche<\/a><\/p>\n\n\n\n<h3 class=\"wp-block-heading\"><span class=\"ez-toc-section\" id=\"Tarif_Design_covering_de_camion_voiture%E2%80%A6\"><\/span>Tarif \/ Design covering de camion, voiture&#8230;<span class=\"ez-toc-section-end\"><\/span><\/h3>\n\n\n\n<p class=\"has-background\" style=\"background-color:#f4f4f4\">Le<strong> design d&rsquo;un v\u00e9hicule<\/strong> peut co\u00fbter <strong>entre 80 et 400 \u20ac<\/strong>. Un design plus complexe peut co\u00fbter jusqu&rsquo;\u00e0 plusieurs milliers d&rsquo;euros. Le co\u00fbt de la r\u00e9alisation d\u2019un design sur v\u00e9hicule par un graphiste freelance d\u00e9pendra des comp\u00e9tences et de l&rsquo;exp\u00e9rience du graphiste, de la complexit\u00e9 du design, et du type de v\u00e9hicule sur lequel le design doit \u00eatre r\u00e9alis\u00e9. Pr\u00e9voyez aussi un budget si votre design doit \u00eatre imprim\u00e9 et pos\u00e9 par un imprimeur sp\u00e9cialis\u00e9.<br>&gt; <a href=\"https:\/\/www.fanny-dirriere.fr\/contact\">Me demander un devis pour la cr\u00e9ation de votre design sur v\u00e9hicule<\/a><\/p>\n\n\n\n<h3 class=\"wp-block-heading\"><span class=\"ez-toc-section\" id=\"Tarif_Site_web\"><\/span>Tarif \/ Site web<span class=\"ez-toc-section-end\"><\/span><\/h3>\n\n\n\n<p class=\"has-background\" style=\"background-color:#f4f4f4\">Le prix d&rsquo;un <strong>site web <\/strong>r\u00e9alis\u00e9 par un ind\u00e9pendant d\u00e9pendra de plusieurs facteurs, tels que la complexit\u00e9 du site, les fonctionnalit\u00e9s souhait\u00e9es et les comp\u00e9tences techniques de l&rsquo;ind\u00e9pendant. Un <strong>site vitrine<\/strong> simple, avec une page d&rsquo;accueil et quelques pages du site pourrait co\u00fbter <strong>entre 500 et 2 000 \u20ac <\/strong>selon le niveau de comp\u00e9tence de l&rsquo;ind\u00e9pendant, les fonctionnalit\u00e9s n\u00e9cessaires, les maquettes et r\u00e9visions du site web. Si vous souhaitez des <strong>fonctionnalit\u00e9s suppl\u00e9mentaires<\/strong> telles qu&rsquo;un syst\u00e8me de gestion de contenu (CMS), une galerie photos, un formulaire de contact avanc\u00e9, un syst\u00e8me de paiement en ligne, cela pourrait augmenter le co\u00fbt jusqu&rsquo;\u00e0 <strong>plusieurs milliers d&rsquo;euros<\/strong>. <br><br>Il est important de noter que le co\u00fbt de l&rsquo;h\u00e9bergement et de l&rsquo;enregistrement de nom de domaine doit \u00e9galement \u00eatre pris en compte. Les ind\u00e9pendants peuvent inclure ces co\u00fbts dans leur tarification ou les facturer s\u00e9par\u00e9ment.<br><br>\u00c0 savoir aussi que la r\u00e9alisation d&rsquo;un site web peut \u00e9galement \u00eatre g\u00e9r\u00e9e par plusieurs professionnels suivant leurs sp\u00e9cialit\u00e9s. Pour ma part, je vais \u00e9tudier le meilleur parcours des utilisateurs, r\u00e9aliser le design des maquettes des pages en fonction du cahier des charges, et enfin, exporter les \u00e9l\u00e9ments graphiques. Un d\u00e9veloppeur professionnel s&rsquo;occupera ensuite de l&rsquo;int\u00e9gration des \u00e9l\u00e9ments graphiques et de la mise en ligne technique du site web, ainsi que d&rsquo;autres services suivant ses prestations (maintenance, h\u00e9bergement du site, cr\u00e9ation des emails professionnels, r\u00e9f\u00e9rencement du site \/ SEO&#8230;). Le budget pour le site peut alors faire l&rsquo;objet d&rsquo;un ou deux devis suivant le(s) prestataire(s).<br><br>&gt; <a href=\"https:\/\/www.fanny-dirriere.fr\/contact\">Me demander un devis pour la cr\u00e9ation de votre site web<\/a><\/p>\n\n\n\n<h2 class=\"wp-block-heading\"><span class=\"ez-toc-section\" id=\"Pourquoi_le_tarif_dun_graphiste_freelance_nest_pas_toujours_visible_sur_son_site\"><\/span>Pourquoi le tarif d&rsquo;un graphiste freelance n&rsquo;est pas toujours visible sur son site ?<span class=\"ez-toc-section-end\"><\/span><\/h2>\n\n\n\n<p>Le tarif du graphiste freelance est rarement mis en avant sur son site.<br>En ce qui me concerne, chaque projet est diff\u00e9rent. Le temps de travail n&rsquo;est pas le m\u00eame pour tous les projets. Je vais donc <strong>adapter mes prix en fonction du temps de travail estim\u00e9 sur chacun des projets<\/strong>. Lorsque le budget est d\u00e9fini, je m&rsquo;adapte afin de proposer \u00e0 mes clients la<strong> meilleure solution adapt\u00e9e \u00e0 leurs besoins et leur budget<\/strong>. Chaque projet doit, selon moi, faire l&rsquo;objet d&rsquo;\u00e9changes et d&rsquo;un devis d\u00e9taill\u00e9 \u00e0 la hauteur du projet. <\/p>\n\n\n\n<h2 class=\"wp-block-heading\"><span class=\"ez-toc-section\" id=\"Pour_conclure\"><\/span>Pour conclure<span class=\"ez-toc-section-end\"><\/span><\/h2>\n\n\n\n<p><strong>En r\u00e9sum\u00e9, le co\u00fbt de la cr\u00e9ation de supports de communication professionnels varie consid\u00e9rablement en fonction du niveau d&rsquo;exp\u00e9rience et des qualifications du graphiste, de la complexit\u00e9 du projet et de la localisation du graphiste.&nbsp;<\/strong><\/p>\n\n\n\n<p><strong>Il est important de discuter de votre budget et des exigences de votre projet avec le graphiste en amont pour s&rsquo;assurer que vous \u00eates \u00e0 l&rsquo;aise avec le co\u00fbt final et que le graphiste peut r\u00e9aliser le travail en respectant le budget. V\u00e9rifiez aussi les comp\u00e9tences de l&rsquo;ind\u00e9pendant, son exp\u00e9rience et son portfolio avant de signer un contrat<\/strong>. <strong>Cela vous assure que vous avez un bon partenaire pour r\u00e9aliser votre projet.<\/strong><\/p>\n\n\n\n<p><strong>Il peut \u00eatre difficile de choisir le bon graphiste freelance qui sera en charge de vos projets. Pour vous aider, voici plusieurs crit\u00e8res et conseils qui vous permettront de faire votre choix.<\/strong> <strong>Choisir le bon graphiste freelance vous fera aussi gagner du temps.<\/strong> <a href=\"https:\/\/www.fanny-dirriere.fr\/blog\/comment-choisir-son-graphiste-freelance\/\">Lire l&rsquo;article<\/a><\/p>\n\n\n\n<figure class=\"wp-block-embed is-type-wp-embed is-provider-blog-fanny-dirriere wp-block-embed-blog-fanny-dirriere\"><div class=\"wp-block-embed__wrapper\">\n<blockquote class=\"wp-embedded-content\" data-secret=\"9zvks6uswD\"><a href=\"https:\/\/www.fanny-dirriere.fr\/blog\/comment-choisir-son-graphiste-freelance\/\">Comment choisir son graphiste freelance\u00a0?<\/a><\/blockquote><iframe loading=\"lazy\" class=\"wp-embedded-content\" sandbox=\"allow-scripts\" security=\"restricted\" style=\"position: absolute; clip: rect(1px, 1px, 1px, 1px);\" title=\"\u00ab\u00a0Comment choisir son graphiste freelance\u00a0?\u00a0\u00bb &#8212; Blog \u00b7 Fanny Dirri\u00e8re\" src=\"https:\/\/www.fanny-dirriere.fr\/blog\/comment-choisir-son-graphiste-freelance\/embed\/#?secret=aO3015Fi6Z#?secret=9zvks6uswD\" data-secret=\"9zvks6uswD\" width=\"600\" height=\"338\" frameborder=\"0\" marginwidth=\"0\" marginheight=\"0\" scrolling=\"no\"><\/iframe>\n<\/div><\/figure>\n\n\n\n<p class=\"has-background\" style=\"background-color:#f4f4f4\"><strong>Demander un devis<\/strong><br>Pour demander un devis, n&rsquo;h\u00e9sitez pas \u00e0 prendre contact avec moi.<br>> <a href=\"https:\/\/www.fanny-dirriere.fr\/contact\">Me contacter<\/a><\/p>\n\n\n\n<p>A lire aussi :<\/p>\n\n\n\n<figure class=\"wp-block-embed is-type-wp-embed is-provider-blog-fanny-dirriere wp-block-embed-blog-fanny-dirriere\"><div class=\"wp-block-embed__wrapper\">\n<blockquote class=\"wp-embedded-content\" data-secret=\"EPgCDbIW4f\"><a href=\"https:\/\/www.fanny-dirriere.fr\/blog\/comprendre-le-tarif-dun-graphiste-freelance\/\">Comprendre le tarif d\u2019un graphiste freelance<\/a><\/blockquote><iframe loading=\"lazy\" class=\"wp-embedded-content\" sandbox=\"allow-scripts\" security=\"restricted\" style=\"position: absolute; clip: rect(1px, 1px, 1px, 1px);\" title=\"\u00ab\u00a0Comprendre le tarif d\u2019un graphiste freelance\u00a0\u00bb &#8212; Blog \u00b7 Fanny Dirri\u00e8re\" src=\"https:\/\/www.fanny-dirriere.fr\/blog\/comprendre-le-tarif-dun-graphiste-freelance\/embed\/#?secret=DN2BYsduw4#?secret=EPgCDbIW4f\" data-secret=\"EPgCDbIW4f\" width=\"600\" height=\"338\" frameborder=\"0\" marginwidth=\"0\" marginheight=\"0\" scrolling=\"no\"><\/iframe>\n<\/div><\/figure>\n","protected":false},"excerpt":{"rendered":"<p><span class=\"span-reading-time rt-reading-time\" style=\"display: block;\"><span class=\"rt-label rt-prefix\">Temps de lecture : <\/span> <span class=\"rt-time\"> 6<\/span> <span class=\"rt-label rt-postfix\">min<\/span><\/span>Retrouvez le tarif d&rsquo;un logo et des supports de communication r\u00e9alis\u00e9s par un graphiste freelance dans cet article.<\/p>\n","protected":false},"author":1,"featured_media":859,"comment_status":"closed","ping_status":"closed","sticky":false,"template":"","format":"standard","meta":{"footnotes":""},"categories":[4],"tags":[],"class_list":["post-814","post","type-post","status-publish","format-standard","has-post-thumbnail","hentry","category-conseils","latest_post"],"yoast_head":"<!-- This site is optimized with the Yoast SEO plugin v27.5 - https:\/\/yoast.com\/product\/yoast-seo-wordpress\/ -->\n<title>Quel est le tarif d\u2019un graphiste freelance ? - Blog \u00b7 Fanny Dirri\u00e8re<\/title>\n<meta name=\"description\" content=\"Retrouvez le tarif d&#039;un logo et des supports de communication r\u00e9alis\u00e9s par un graphiste freelance dans cet article.\" \/>\n<meta name=\"robots\" content=\"index, follow, max-snippet:-1, max-image-preview:large, max-video-preview:-1\" \/>\n<link rel=\"canonical\" href=\"https:\/\/www.fanny-dirriere.fr\/blog\/quel-est-le-tarif-dun-graphiste-freelance\/\" \/>\n<meta property=\"og:locale\" content=\"fr_FR\" \/>\n<meta property=\"og:type\" content=\"article\" \/>\n<meta property=\"og:title\" content=\"Quel est le tarif d\u2019un graphiste freelance ?\" \/>\n<meta property=\"og:description\" content=\"Retrouvez le tarif d&#039;un logo et des supports de communication r\u00e9alis\u00e9s par un graphiste freelance dans cet article.\" \/>\n<meta property=\"og:url\" content=\"https:\/\/www.fanny-dirriere.fr\/blog\/quel-est-le-tarif-dun-graphiste-freelance\/\" \/>\n<meta property=\"og:site_name\" content=\"Blog \u00b7 Fanny Dirri\u00e8re\" \/>\n<meta property=\"article:publisher\" content=\"https:\/\/www.facebook.com\/fanny.dirriere.infographiste\" \/>\n<meta property=\"article:author\" content=\"https:\/\/www.facebook.com\/fanny.dirriere.infographiste\" \/>\n<meta property=\"article:published_time\" content=\"2023-01-19T13:58:15+00:00\" \/>\n<meta property=\"article:modified_time\" content=\"2023-07-07T17:29:39+00:00\" \/>\n<meta property=\"og:image\" content=\"https:\/\/www.fanny-dirriere.fr\/blog\/wp-content\/uploads\/2023\/01\/tarif-prix-graphiste-freelance.jpg\" \/>\n\t<meta property=\"og:image:width\" content=\"2000\" \/>\n\t<meta property=\"og:image:height\" content=\"1500\" \/>\n\t<meta property=\"og:image:type\" content=\"image\/jpeg\" \/>\n<meta name=\"author\" content=\"Fanny Dirri\u00e8re\" \/>\n<meta name=\"twitter:card\" content=\"summary_large_image\" \/>\n<meta name=\"twitter:title\" content=\"Quel est le tarif d\u2019un graphiste freelance ?\" \/>\n<meta name=\"twitter:description\" content=\"Retrouvez le tarif d&#039;un logo et des supports de communication r\u00e9alis\u00e9s par un graphiste freelance dans cet article.\" \/>\n<meta name=\"twitter:image\" content=\"https:\/\/www.fanny-dirriere.fr\/blog\/wp-content\/uploads\/2023\/01\/tarif-prix-graphiste-freelance.jpg\" \/>\n<meta name=\"twitter:creator\" content=\"@https:\/\/twitter.com\/fdirriere\" \/>\n<meta name=\"twitter:site\" content=\"@fdirriere\" \/>\n<meta name=\"twitter:label1\" content=\"\u00c9crit par\" \/>\n\t<meta name=\"twitter:data1\" content=\"Fanny Dirri\u00e8re\" \/>\n\t<meta name=\"twitter:label2\" content=\"Dur\u00e9e de lecture estim\u00e9e\" \/>\n\t<meta name=\"twitter:data2\" content=\"8 minutes\" \/>\n<script type=\"application\/ld+json\" class=\"yoast-schema-graph\">{\"@context\":\"https:\\\/\\\/schema.org\",\"@graph\":[{\"@type\":\"Article\",\"@id\":\"https:\\\/\\\/www.fanny-dirriere.fr\\\/blog\\\/quel-est-le-tarif-dun-graphiste-freelance\\\/#article\",\"isPartOf\":{\"@id\":\"https:\\\/\\\/www.fanny-dirriere.fr\\\/blog\\\/quel-est-le-tarif-dun-graphiste-freelance\\\/\"},\"author\":{\"name\":\"Fanny Dirri\u00e8re\",\"@id\":\"https:\\\/\\\/www.fanny-dirriere.fr\\\/blog\\\/#\\\/schema\\\/person\\\/12b712cac641a5f626cb9cb27aa0910b\"},\"headline\":\"Quel est le tarif d\u2019un graphiste freelance ?\",\"datePublished\":\"2023-01-19T13:58:15+00:00\",\"dateModified\":\"2023-07-07T17:29:39+00:00\",\"mainEntityOfPage\":{\"@id\":\"https:\\\/\\\/www.fanny-dirriere.fr\\\/blog\\\/quel-est-le-tarif-dun-graphiste-freelance\\\/\"},\"wordCount\":1731,\"publisher\":{\"@id\":\"https:\\\/\\\/www.fanny-dirriere.fr\\\/blog\\\/#\\\/schema\\\/person\\\/12b712cac641a5f626cb9cb27aa0910b\"},\"image\":{\"@id\":\"https:\\\/\\\/www.fanny-dirriere.fr\\\/blog\\\/quel-est-le-tarif-dun-graphiste-freelance\\\/#primaryimage\"},\"thumbnailUrl\":\"https:\\\/\\\/www.fanny-dirriere.fr\\\/blog\\\/wp-content\\\/uploads\\\/2023\\\/01\\\/tarif-prix-graphiste-freelance.jpg\",\"articleSection\":[\"Conseils\"],\"inLanguage\":\"fr-FR\"},{\"@type\":\"WebPage\",\"@id\":\"https:\\\/\\\/www.fanny-dirriere.fr\\\/blog\\\/quel-est-le-tarif-dun-graphiste-freelance\\\/\",\"url\":\"https:\\\/\\\/www.fanny-dirriere.fr\\\/blog\\\/quel-est-le-tarif-dun-graphiste-freelance\\\/\",\"name\":\"Quel est le tarif d\u2019un graphiste freelance ? - Blog \u00b7 Fanny Dirri\u00e8re\",\"isPartOf\":{\"@id\":\"https:\\\/\\\/www.fanny-dirriere.fr\\\/blog\\\/#website\"},\"primaryImageOfPage\":{\"@id\":\"https:\\\/\\\/www.fanny-dirriere.fr\\\/blog\\\/quel-est-le-tarif-dun-graphiste-freelance\\\/#primaryimage\"},\"image\":{\"@id\":\"https:\\\/\\\/www.fanny-dirriere.fr\\\/blog\\\/quel-est-le-tarif-dun-graphiste-freelance\\\/#primaryimage\"},\"thumbnailUrl\":\"https:\\\/\\\/www.fanny-dirriere.fr\\\/blog\\\/wp-content\\\/uploads\\\/2023\\\/01\\\/tarif-prix-graphiste-freelance.jpg\",\"datePublished\":\"2023-01-19T13:58:15+00:00\",\"dateModified\":\"2023-07-07T17:29:39+00:00\",\"description\":\"Retrouvez le tarif d'un logo et des supports de communication r\u00e9alis\u00e9s par un graphiste freelance dans cet article.\",\"breadcrumb\":{\"@id\":\"https:\\\/\\\/www.fanny-dirriere.fr\\\/blog\\\/quel-est-le-tarif-dun-graphiste-freelance\\\/#breadcrumb\"},\"inLanguage\":\"fr-FR\",\"potentialAction\":[{\"@type\":\"ReadAction\",\"target\":[\"https:\\\/\\\/www.fanny-dirriere.fr\\\/blog\\\/quel-est-le-tarif-dun-graphiste-freelance\\\/\"]}]},{\"@type\":\"ImageObject\",\"inLanguage\":\"fr-FR\",\"@id\":\"https:\\\/\\\/www.fanny-dirriere.fr\\\/blog\\\/quel-est-le-tarif-dun-graphiste-freelance\\\/#primaryimage\",\"url\":\"https:\\\/\\\/www.fanny-dirriere.fr\\\/blog\\\/wp-content\\\/uploads\\\/2023\\\/01\\\/tarif-prix-graphiste-freelance.jpg\",\"contentUrl\":\"https:\\\/\\\/www.fanny-dirriere.fr\\\/blog\\\/wp-content\\\/uploads\\\/2023\\\/01\\\/tarif-prix-graphiste-freelance.jpg\",\"width\":2000,\"height\":1500,\"caption\":\"tarif, prix d\u2019un graphiste freelance\"},{\"@type\":\"BreadcrumbList\",\"@id\":\"https:\\\/\\\/www.fanny-dirriere.fr\\\/blog\\\/quel-est-le-tarif-dun-graphiste-freelance\\\/#breadcrumb\",\"itemListElement\":[{\"@type\":\"ListItem\",\"position\":1,\"name\":\"Accueil\",\"item\":\"https:\\\/\\\/www.fanny-dirriere.fr\\\/blog\\\/\"},{\"@type\":\"ListItem\",\"position\":2,\"name\":\"Quel est le tarif d\u2019un graphiste freelance ?\"}]},{\"@type\":\"WebSite\",\"@id\":\"https:\\\/\\\/www.fanny-dirriere.fr\\\/blog\\\/#website\",\"url\":\"https:\\\/\\\/www.fanny-dirriere.fr\\\/blog\\\/\",\"name\":\"Blog \u00b7 Fanny Dirri\u00e8re\",\"description\":\"Retrouvez des contenus sur le d\u00e9veloppement de votre activit\u00e9, des connaissances, des ressources et des conseils dans le domaine de la communication.\",\"publisher\":{\"@id\":\"https:\\\/\\\/www.fanny-dirriere.fr\\\/blog\\\/#\\\/schema\\\/person\\\/12b712cac641a5f626cb9cb27aa0910b\"},\"potentialAction\":[{\"@type\":\"SearchAction\",\"target\":{\"@type\":\"EntryPoint\",\"urlTemplate\":\"https:\\\/\\\/www.fanny-dirriere.fr\\\/blog\\\/?s={search_term_string}\"},\"query-input\":{\"@type\":\"PropertyValueSpecification\",\"valueRequired\":true,\"valueName\":\"search_term_string\"}}],\"inLanguage\":\"fr-FR\"},{\"@type\":[\"Person\",\"Organization\"],\"@id\":\"https:\\\/\\\/www.fanny-dirriere.fr\\\/blog\\\/#\\\/schema\\\/person\\\/12b712cac641a5f626cb9cb27aa0910b\",\"name\":\"Fanny Dirri\u00e8re\",\"image\":{\"@type\":\"ImageObject\",\"inLanguage\":\"fr-FR\",\"@id\":\"https:\\\/\\\/www.fanny-dirriere.fr\\\/blog\\\/wp-content\\\/uploads\\\/2025\\\/03\\\/cropped-logo-blog.png\",\"url\":\"https:\\\/\\\/www.fanny-dirriere.fr\\\/blog\\\/wp-content\\\/uploads\\\/2025\\\/03\\\/cropped-logo-blog.png\",\"contentUrl\":\"https:\\\/\\\/www.fanny-dirriere.fr\\\/blog\\\/wp-content\\\/uploads\\\/2025\\\/03\\\/cropped-logo-blog.png\",\"width\":5638,\"height\":1575,\"caption\":\"Fanny Dirri\u00e8re\"},\"logo\":{\"@id\":\"https:\\\/\\\/www.fanny-dirriere.fr\\\/blog\\\/wp-content\\\/uploads\\\/2025\\\/03\\\/cropped-logo-blog.png\"},\"description\":\"Je suis graphiste freelance \u00e0 Reims depuis 2016. V\u00e9ritable passionn\u00e9e, j\u2019accompagne les entreprises dans leurs projets de communication. Je suis sp\u00e9cialis\u00e9e dans la conception des identit\u00e9s visuelles : logo, supports de communication, design et covering sur v\u00e9hicule, design des enseignes, cr\u00e9ation d'illustrations et supports pour les \u00e9v\u00e8nements. Je suis aussi experte dans le design des sites, interfaces web, jeux et applications.\",\"sameAs\":[\"https:\\\/\\\/www.fanny-dirriere.fr\\\/blog\",\"https:\\\/\\\/www.facebook.com\\\/fanny.dirriere.infographiste\",\"https:\\\/\\\/www.instagram.com\\\/fanny.dirriere\\\/\",\"https:\\\/\\\/www.linkedin.com\\\/in\\\/fanny-lehuraux-0528b553\\\/\",\"https:\\\/\\\/x.com\\\/https:\\\/\\\/twitter.com\\\/fdirriere\",\"https:\\\/\\\/www.youtube.com\\\/channel\\\/UCa5Rb4VYtjKVqC0o8iXBiSg\"],\"url\":\"https:\\\/\\\/www.fanny-dirriere.fr\\\/blog\\\/author\\\/fanny-lhx\\\/\"}]}<\/script>\n<!-- \/ Yoast SEO plugin. -->","yoast_head_json":{"title":"Quel est le tarif d\u2019un graphiste freelance ? - Blog \u00b7 Fanny Dirri\u00e8re","description":"Retrouvez le tarif d'un logo et des supports de communication r\u00e9alis\u00e9s par un graphiste freelance dans cet article.","robots":{"index":"index","follow":"follow","max-snippet":"max-snippet:-1","max-image-preview":"max-image-preview:large","max-video-preview":"max-video-preview:-1"},"canonical":"https:\/\/www.fanny-dirriere.fr\/blog\/quel-est-le-tarif-dun-graphiste-freelance\/","og_locale":"fr_FR","og_type":"article","og_title":"Quel est le tarif d\u2019un graphiste freelance ?","og_description":"Retrouvez le tarif d'un logo et des supports de communication r\u00e9alis\u00e9s par un graphiste freelance dans cet article.","og_url":"https:\/\/www.fanny-dirriere.fr\/blog\/quel-est-le-tarif-dun-graphiste-freelance\/","og_site_name":"Blog \u00b7 Fanny Dirri\u00e8re","article_publisher":"https:\/\/www.facebook.com\/fanny.dirriere.infographiste","article_author":"https:\/\/www.facebook.com\/fanny.dirriere.infographiste","article_published_time":"2023-01-19T13:58:15+00:00","article_modified_time":"2023-07-07T17:29:39+00:00","og_image":[{"width":2000,"height":1500,"url":"https:\/\/www.fanny-dirriere.fr\/blog\/wp-content\/uploads\/2023\/01\/tarif-prix-graphiste-freelance.jpg","type":"image\/jpeg"}],"author":"Fanny Dirri\u00e8re","twitter_card":"summary_large_image","twitter_title":"Quel est le tarif d\u2019un graphiste freelance ?","twitter_description":"Retrouvez le tarif d'un logo et des supports de communication r\u00e9alis\u00e9s par un graphiste freelance dans cet article.","twitter_image":"https:\/\/www.fanny-dirriere.fr\/blog\/wp-content\/uploads\/2023\/01\/tarif-prix-graphiste-freelance.jpg","twitter_creator":"@https:\/\/twitter.com\/fdirriere","twitter_site":"@fdirriere","twitter_misc":{"\u00c9crit par":"Fanny Dirri\u00e8re","Dur\u00e9e de lecture estim\u00e9e":"8 minutes"},"schema":{"@context":"https:\/\/schema.org","@graph":[{"@type":"Article","@id":"https:\/\/www.fanny-dirriere.fr\/blog\/quel-est-le-tarif-dun-graphiste-freelance\/#article","isPartOf":{"@id":"https:\/\/www.fanny-dirriere.fr\/blog\/quel-est-le-tarif-dun-graphiste-freelance\/"},"author":{"name":"Fanny Dirri\u00e8re","@id":"https:\/\/www.fanny-dirriere.fr\/blog\/#\/schema\/person\/12b712cac641a5f626cb9cb27aa0910b"},"headline":"Quel est le tarif d\u2019un graphiste freelance ?","datePublished":"2023-01-19T13:58:15+00:00","dateModified":"2023-07-07T17:29:39+00:00","mainEntityOfPage":{"@id":"https:\/\/www.fanny-dirriere.fr\/blog\/quel-est-le-tarif-dun-graphiste-freelance\/"},"wordCount":1731,"publisher":{"@id":"https:\/\/www.fanny-dirriere.fr\/blog\/#\/schema\/person\/12b712cac641a5f626cb9cb27aa0910b"},"image":{"@id":"https:\/\/www.fanny-dirriere.fr\/blog\/quel-est-le-tarif-dun-graphiste-freelance\/#primaryimage"},"thumbnailUrl":"https:\/\/www.fanny-dirriere.fr\/blog\/wp-content\/uploads\/2023\/01\/tarif-prix-graphiste-freelance.jpg","articleSection":["Conseils"],"inLanguage":"fr-FR"},{"@type":"WebPage","@id":"https:\/\/www.fanny-dirriere.fr\/blog\/quel-est-le-tarif-dun-graphiste-freelance\/","url":"https:\/\/www.fanny-dirriere.fr\/blog\/quel-est-le-tarif-dun-graphiste-freelance\/","name":"Quel est le tarif d\u2019un graphiste freelance ? - Blog \u00b7 Fanny Dirri\u00e8re","isPartOf":{"@id":"https:\/\/www.fanny-dirriere.fr\/blog\/#website"},"primaryImageOfPage":{"@id":"https:\/\/www.fanny-dirriere.fr\/blog\/quel-est-le-tarif-dun-graphiste-freelance\/#primaryimage"},"image":{"@id":"https:\/\/www.fanny-dirriere.fr\/blog\/quel-est-le-tarif-dun-graphiste-freelance\/#primaryimage"},"thumbnailUrl":"https:\/\/www.fanny-dirriere.fr\/blog\/wp-content\/uploads\/2023\/01\/tarif-prix-graphiste-freelance.jpg","datePublished":"2023-01-19T13:58:15+00:00","dateModified":"2023-07-07T17:29:39+00:00","description":"Retrouvez le tarif d'un logo et des supports de communication r\u00e9alis\u00e9s par un graphiste freelance dans cet article.","breadcrumb":{"@id":"https:\/\/www.fanny-dirriere.fr\/blog\/quel-est-le-tarif-dun-graphiste-freelance\/#breadcrumb"},"inLanguage":"fr-FR","potentialAction":[{"@type":"ReadAction","target":["https:\/\/www.fanny-dirriere.fr\/blog\/quel-est-le-tarif-dun-graphiste-freelance\/"]}]},{"@type":"ImageObject","inLanguage":"fr-FR","@id":"https:\/\/www.fanny-dirriere.fr\/blog\/quel-est-le-tarif-dun-graphiste-freelance\/#primaryimage","url":"https:\/\/www.fanny-dirriere.fr\/blog\/wp-content\/uploads\/2023\/01\/tarif-prix-graphiste-freelance.jpg","contentUrl":"https:\/\/www.fanny-dirriere.fr\/blog\/wp-content\/uploads\/2023\/01\/tarif-prix-graphiste-freelance.jpg","width":2000,"height":1500,"caption":"tarif, prix d\u2019un graphiste freelance"},{"@type":"BreadcrumbList","@id":"https:\/\/www.fanny-dirriere.fr\/blog\/quel-est-le-tarif-dun-graphiste-freelance\/#breadcrumb","itemListElement":[{"@type":"ListItem","position":1,"name":"Accueil","item":"https:\/\/www.fanny-dirriere.fr\/blog\/"},{"@type":"ListItem","position":2,"name":"Quel est le tarif d\u2019un graphiste freelance ?"}]},{"@type":"WebSite","@id":"https:\/\/www.fanny-dirriere.fr\/blog\/#website","url":"https:\/\/www.fanny-dirriere.fr\/blog\/","name":"Blog \u00b7 Fanny Dirri\u00e8re","description":"Retrouvez des contenus sur le d\u00e9veloppement de votre activit\u00e9, des connaissances, des ressources et des conseils dans le domaine de la communication.","publisher":{"@id":"https:\/\/www.fanny-dirriere.fr\/blog\/#\/schema\/person\/12b712cac641a5f626cb9cb27aa0910b"},"potentialAction":[{"@type":"SearchAction","target":{"@type":"EntryPoint","urlTemplate":"https:\/\/www.fanny-dirriere.fr\/blog\/?s={search_term_string}"},"query-input":{"@type":"PropertyValueSpecification","valueRequired":true,"valueName":"search_term_string"}}],"inLanguage":"fr-FR"},{"@type":["Person","Organization"],"@id":"https:\/\/www.fanny-dirriere.fr\/blog\/#\/schema\/person\/12b712cac641a5f626cb9cb27aa0910b","name":"Fanny Dirri\u00e8re","image":{"@type":"ImageObject","inLanguage":"fr-FR","@id":"https:\/\/www.fanny-dirriere.fr\/blog\/wp-content\/uploads\/2025\/03\/cropped-logo-blog.png","url":"https:\/\/www.fanny-dirriere.fr\/blog\/wp-content\/uploads\/2025\/03\/cropped-logo-blog.png","contentUrl":"https:\/\/www.fanny-dirriere.fr\/blog\/wp-content\/uploads\/2025\/03\/cropped-logo-blog.png","width":5638,"height":1575,"caption":"Fanny Dirri\u00e8re"},"logo":{"@id":"https:\/\/www.fanny-dirriere.fr\/blog\/wp-content\/uploads\/2025\/03\/cropped-logo-blog.png"},"description":"Je suis graphiste freelance \u00e0 Reims depuis 2016. V\u00e9ritable passionn\u00e9e, j\u2019accompagne les entreprises dans leurs projets de communication. Je suis sp\u00e9cialis\u00e9e dans la conception des identit\u00e9s visuelles : logo, supports de communication, design et covering sur v\u00e9hicule, design des enseignes, cr\u00e9ation d'illustrations et supports pour les \u00e9v\u00e8nements. Je suis aussi experte dans le design des sites, interfaces web, jeux et applications.","sameAs":["https:\/\/www.fanny-dirriere.fr\/blog","https:\/\/www.facebook.com\/fanny.dirriere.infographiste","https:\/\/www.instagram.com\/fanny.dirriere\/","https:\/\/www.linkedin.com\/in\/fanny-lehuraux-0528b553\/","https:\/\/x.com\/https:\/\/twitter.com\/fdirriere","https:\/\/www.youtube.com\/channel\/UCa5Rb4VYtjKVqC0o8iXBiSg"],"url":"https:\/\/www.fanny-dirriere.fr\/blog\/author\/fanny-lhx\/"}]}},"_links":{"self":[{"href":"https:\/\/www.fanny-dirriere.fr\/blog\/wp-json\/wp\/v2\/posts\/814","targetHints":{"allow":["GET"]}}],"collection":[{"href":"https:\/\/www.fanny-dirriere.fr\/blog\/wp-json\/wp\/v2\/posts"}],"about":[{"href":"https:\/\/www.fanny-dirriere.fr\/blog\/wp-json\/wp\/v2\/types\/post"}],"author":[{"embeddable":true,"href":"https:\/\/www.fanny-dirriere.fr\/blog\/wp-json\/wp\/v2\/users\/1"}],"replies":[{"embeddable":true,"href":"https:\/\/www.fanny-dirriere.fr\/blog\/wp-json\/wp\/v2\/comments?post=814"}],"version-history":[{"count":84,"href":"https:\/\/www.fanny-dirriere.fr\/blog\/wp-json\/wp\/v2\/posts\/814\/revisions"}],"predecessor-version":[{"id":1665,"href":"https:\/\/www.fanny-dirriere.fr\/blog\/wp-json\/wp\/v2\/posts\/814\/revisions\/1665"}],"wp:featuredmedia":[{"embeddable":true,"href":"https:\/\/www.fanny-dirriere.fr\/blog\/wp-json\/wp\/v2\/media\/859"}],"wp:attachment":[{"href":"https:\/\/www.fanny-dirriere.fr\/blog\/wp-json\/wp\/v2\/media?parent=814"}],"wp:term":[{"taxonomy":"category","embeddable":true,"href":"https:\/\/www.fanny-dirriere.fr\/blog\/wp-json\/wp\/v2\/categories?post=814"},{"taxonomy":"post_tag","embeddable":true,"href":"https:\/\/www.fanny-dirriere.fr\/blog\/wp-json\/wp\/v2\/tags?post=814"}],"curies":[{"name":"wp","href":"https:\/\/api.w.org\/{rel}","templated":true}]}}