{"id":594,"date":"2022-12-27T11:25:00","date_gmt":"2022-12-27T10:25:00","guid":{"rendered":"https:\/\/www.fanny-dirriere.fr\/blog\/?p=594"},"modified":"2022-12-27T11:26:26","modified_gmt":"2022-12-27T10:26:26","slug":"pourquoi-utiliser-l-illustration-sur-vos-supports-de-communication","status":"publish","type":"post","link":"https:\/\/www.fanny-dirriere.fr\/blog\/pourquoi-utiliser-l-illustration-sur-vos-supports-de-communication\/","title":{"rendered":"Pourquoi utiliser l&rsquo;illustration sur vos supports de communication ?"},"content":{"rendered":"<span class=\"span-reading-time rt-reading-time\" style=\"display: block;\"><span class=\"rt-label rt-prefix\">Temps de lecture : <\/span> <span class=\"rt-time\"> 4<\/span> <span class=\"rt-label rt-postfix\">min<\/span><\/span>\n<p><strong>L\u2019illustration, la vid\u00e9o, l\u2019infographie ou encore la photographie sont des contenus visuels qui vont apporter un plus \u00e0 votre communication. Je vous explique dans cet article l\u2019int\u00e9r\u00eat d\u2019utiliser des illustrations dans vos supports de communication digitalis\u00e9s et imprim\u00e9s.<\/strong><\/p>\n\n\n\n<h2 class=\"wp-block-heading\">L\u2019illustration va accrocher vos lecteurs<\/h2>\n\n\n\n<p>Accompagner un contenu d\u2019une ou plusieurs illustrations de qualit\u00e9 va permettre d\u2019augmenter sa visibilit\u00e9 et d\u2019accrocher le lecteur. La plupart des personnes sont en effet tr\u00e8s \u00ab\u00a0visuelles\u00a0\u00bb, ont une bonne m\u00e9moire photographique (je fais partie de ces personnes \ud83d\ude00). L\u2019illustration va alors permettre d\u2019attirer l\u2019attention de vos lecteurs.&nbsp;<\/p>\n\n\n\n<h2 class=\"wp-block-heading\">L\u2019illustration est adapt\u00e9e \u00e0 tous les supports&nbsp;<\/h2>\n\n\n\n<p>La cr\u00e9ation d\u2019illustrations apporte un plus \u00e0 vos supports. Vous pouvez donc l\u2019utiliser partout. C\u2019est valable sur tous vos outils. On va les retrouver notamment dans :&nbsp;<\/p>\n\n\n\n<ul class=\"wp-block-list\">\n<li>Un site web,<\/li>\n\n\n\n<li>Des articles de blog,<\/li>\n\n\n\n<li>Des supports imprim\u00e9s (<a href=\"https:\/\/www.fanny-dirriere.fr\/blog\/carte-de-voeux-professionnelle\/\">carte de v\u0153ux<\/a>, brochure, d\u00e9pliant, catalogue, flyer, affiche, kak\u00e9mono\u2026),<\/li>\n\n\n\n<li>Les r\u00e9seaux sociaux,&nbsp;<\/li>\n\n\n\n<li>Un support de pr\u00e9sentation (ex : Powerpoint, Keynote\u2026),&nbsp;<\/li>\n\n\n\n<li>Un rapport,&nbsp;<\/li>\n\n\n\n<li>Une signal\u00e9tique,<\/li>\n\n\n\n<li>Une carte ou un parcours (parcours touristiques, parcours d\u2019orientation\u2026),<\/li>\n\n\n\n<li>Une application \/ logiciel, etc.<\/li>\n<\/ul>\n\n\n\n<h3 class=\"wp-block-heading\">Ses formes<\/h3>\n\n\n\n<p>Les illustrations peuvent avoir diff\u00e9rentes formes. <\/p>\n\n\n\n<p>L\u2019illustration peut \u00eatre sous la forme d\u2019un<strong> visuel dessin\u00e9 \u00e0 la main<\/strong> ou d&rsquo;un <strong>num\u00e9rique dessin\u00e9 via un logiciel de cr\u00e9ation graphique<\/strong> tel que Adobe Illustrator ou encore Adobe Photoshop.<\/p>\n\n\n\n<p>Il peut s\u2019agir aussi d\u2019une <strong>photographie<\/strong> r\u00e9alis\u00e9e par vos soins ou par un photographe professionnel, ou encore via un site de banque d&rsquo;images photographiques.<\/p>\n\n\n\n<p>Il peut s\u2019agir aussi de <strong>pictos<\/strong> (ou <strong>ic\u00f4nes<\/strong>), tr\u00e8s utiles pour illustrer les pages d\u2019un site internet, d\u2019une application ou encore les r\u00e9seaux sociaux.<\/p>\n\n\n\n<p>Vous pouvez aussi int\u00e9grer des <strong>infographies<\/strong> pour faciliter la compr\u00e9hension et la m\u00e9morisation.<\/p>\n\n\n\n<p>Vous pouvez utiliser l&rsquo;illustration par la <strong>vid\u00e9o<\/strong> pour expliquer un projet, vendre une marque ou encore mettre en avant une annonce.<\/p>\n\n\n\n<p class=\"has-background\" style=\"background-color:#f4f4f4\">En tant que graphiste et illustratrice \u00e0 Reims, vous retrouverez notamment <a href=\"https:\/\/www.fanny-dirriere.fr\/illustratrice-reims\" target=\"_blank\" rel=\"noreferrer noopener\">quelques exemples sur mon site<\/a> et sur mes r\u00e9seaux sociaux.<\/p>\n\n\n\n<h2 class=\"wp-block-heading\">L\u2019illustration apporte une explication \u00e0 vos contenus<\/h2>\n\n\n\n<p>Vous souvenez-vous des premiers livres de litt\u00e9rature ? Nos premiers livres d\u2019enfant comportaient des illustrations. Les enfants les adorent car elles illustrent l\u2019histoire et permettent d\u2019apporter un plus \u00e0 l\u2019imagination de l\u2019enfant.<\/p>\n\n\n\n<p>Les illustrations sur vos supports de communication ont \u00e9galement ce m\u00eame effet. Elles vont apporter \u00e0 la fois des <strong>explications<\/strong> et <strong>donner envie \u00e0 vos lecteurs de s\u2019y int\u00e9resser un peu plus<\/strong>.<\/p>\n\n\n\n<h2 class=\"wp-block-heading\">Le visuel permet de m\u00e9moriser votre information<\/h2>\n\n\n\n<p>Faire passer un message au travers d\u2019une illustration va permettre au lecteur de <strong>mieux comprendre un sujet<\/strong>. La version simplifi\u00e9e d\u2019un visuel va le rendre <strong>m\u00e9morisable<\/strong>. Pour ma part, je vais retenir les informations plus facilement lorsque celles-ci sont illustr\u00e9es.&nbsp;<\/p>\n\n\n\n<h2 class=\"wp-block-heading\">L\u2019illustration de vos contenus permet de garder votre lecteur<\/h2>\n\n\n\n<p>Un <strong>article de blog illustr\u00e9 <\/strong>avec un visuel adapt\u00e9 <strong>obtiendra beaucoup plus de vues <\/strong>par rapport \u00e0 un article seul avec uniquement des contenus. Il faut donner envie au lecteur de lire l\u2019int\u00e9gralit\u00e9 des contenus de votre article. Pour cela, vous pouvez mettre des <strong>photographies pour illustrer votre article<\/strong>, ou bien<strong> int\u00e9grer des illustrations r\u00e9alis\u00e9es par des graphistes<\/strong> ou <strong>illustrateurs<\/strong>.&nbsp;<\/p>\n\n\n\n<p>Si votre article comporte des chiffres, n\u2019h\u00e9sitez pas \u00e0 utiliser aussi une <strong>infographie<\/strong> pour illustrer simplement vos donn\u00e9es chiffr\u00e9es. Ils seront plus facilement lus et retenus. Votre audience pourra alors se projeter et comprendra plus facilement vos messages.<\/p>\n\n\n\n<p>Utiliser des <strong>illustrations<\/strong> dans un <strong>site web<\/strong> permet aussi d\u2019attirer l\u2019attention des internautes. Il restera alors plus longtemps s\u2019il juge votre site et ses contenus intuitifs et pertinents.<\/p>\n\n\n\n<p>L\u2019illustration donne donc envie de lire vos contenus, vos messages. Vos clients et vos prospects sont de plus en plus exigeants et s\u00e9lectionnent tr\u00e8s vite ce qu\u2019ils vont lire ou non. L\u2019illustration, bien con\u00e7ue par un graphiste ou un illustrateur \/ illustratrice, est une invitation \u00e0 la lecture.<\/p>\n\n\n\n<h2 class=\"wp-block-heading\">L\u2019illustration am\u00e9liore l\u2019image de votre marque<\/h2>\n\n\n\n<p>Une <strong>illustration professionnelle <\/strong>renvoie aux lecteurs une <strong>image positive <\/strong>de votre entreprise&nbsp;ou de votre marque. Mettre en valeur vos contenus par les illustrations est une solution efficace pour \u00e9tendre votre univers et faire vivre votre communication !<\/p>\n\n\n\n<h2 class=\"wp-block-heading\">Les visuels vous font gagner en visibilit\u00e9 sur les r\u00e9seaux sociaux&nbsp;<\/h2>\n\n\n\n<p>En cr\u00e9ant des visuels et un texte court d\u2019accompagnement, vous allez tout de suite <strong>accrocher le lecteur<\/strong> sur les <strong>r\u00e9seaux sociaux<\/strong>. Incitez-le \u00e0 <strong>partager<\/strong>, <strong>commenter<\/strong>, <strong>interagir<\/strong> sur vos posts et vos stories vous permettra de <strong>gagner en visibilit\u00e9<\/strong>.&nbsp;<\/p>\n\n\n\n<p>J&rsquo;utilise divers types de visuels pour illustrer mes publications, notamment sur <a href=\"https:\/\/www.instagram.com\/fanny.dirriere\/\" target=\"_blank\" rel=\"noreferrer noopener\">Instagram<\/a>, <a href=\"https:\/\/www.linkedin.com\/in\/fanny-lehuraux-0528b553\/\" target=\"_blank\" rel=\"noreferrer noopener\">LinkedIn<\/a>, <a href=\"https:\/\/www.facebook.com\/fanny.dirriere.infographiste\" target=\"_blank\" rel=\"noreferrer noopener\">Facebook<\/a> ou encore <a href=\"https:\/\/twitter.com\/fdirriere\" target=\"_blank\" rel=\"noreferrer noopener\">Twitter<\/a>. J&rsquo;utilise \u00e0 la fois les illustrations dessin\u00e9es par mes soins, les photographies ou encore la vid\u00e9o.<\/p>\n\n\n\n<h2 class=\"wp-block-heading\">Le visuel suscite les \u00e9motions<\/h2>\n\n\n\n<p>Le visuel va susciter des \u00e9motions positives ou n\u00e9gatives chez les personnes. Les <strong>\u00e9motions augmentent naturellement l\u2019impact du message visuel<\/strong>. L\u2019illustration installe alors un rapport affectif entre votre marque (ou entreprise) et vos clients. En int\u00e9grant des visuels sur vos supports de communication, vous<strong> augmentez vos chances de vendre<\/strong>.<\/p>\n\n\n\n<h2 class=\"wp-block-heading\">Pour conclure<\/h2>\n\n\n\n<p><strong>Vous aurez compris qu\u2019une bonne communication n\u00e9cessite la cr\u00e9ation de contenus et de visuels accrocheurs et efficaces. Il s\u2019agit pour vous d\u2019un enjeu d\u2019identit\u00e9 visuelle. Vous devez \u00eatre facilement reconnaissable par vos visiteurs et vos clients. Pensez donc \u00e0 valoriser vos contenus par l\u2019illustration.<\/strong><\/p>\n\n\n\n<p class=\"has-background\" style=\"background-color:#f4f4f4\"><strong>Vous recherchez un illustrateur ?<\/strong><br>Je suis graphiste freelance et aussi illustratrice \u00e0 Reims. Je r\u00e9alise vos illustrations sur mesure pour vos projets professionnels ou personnels. J&rsquo;habille aussi graphiquement les enseignes, les murs int\u00e9rieurs et les fa\u00e7ades ext\u00e9rieures. Je r\u00e9alise \u00e9galement les visuels pour les \u00e9v\u00e8nements : salon, mariage, spectacle, v\u0153ux de fin d\u2019ann\u00e9e&#8230; N\u2019h\u00e9sitez pas \u00e0 me contacter ! <a href=\"\/contact\">Me contacter<\/a><br>\ud83d\udc49 <a href=\"https:\/\/www.fanny-dirriere.fr\/illustratrice-reims\">En savoir plus sur mes cr\u00e9ations d&rsquo;illustration sur mon site<\/a><\/p>\n","protected":false},"excerpt":{"rendered":"<p><span class=\"span-reading-time rt-reading-time\" style=\"display: block;\"><span class=\"rt-label rt-prefix\">Temps de lecture : <\/span> <span class=\"rt-time\"> 4<\/span> <span class=\"rt-label rt-postfix\">min<\/span><\/span>Retrouvez l\u2019int\u00e9r\u00eat d\u2019utiliser l&rsquo;illustration dans vos supports de communication digitalis\u00e9s et imprim\u00e9s.<\/p>\n","protected":false},"author":1,"featured_media":607,"comment_status":"closed","ping_status":"closed","sticky":false,"template":"","format":"standard","meta":{"footnotes":""},"categories":[4],"tags":[],"class_list":["post-594","post","type-post","status-publish","format-standard","has-post-thumbnail","hentry","category-conseils","latest_post"],"yoast_head":"<!-- This site is optimized with the Yoast SEO plugin v27.5 - https:\/\/yoast.com\/product\/yoast-seo-wordpress\/ -->\n<title>Pourquoi utiliser l&#039;illustration sur vos supports de communication ?<\/title>\n<meta name=\"description\" content=\"Retrouvez dans cet article l\u2019int\u00e9r\u00eat d\u2019utiliser l&#039;illustration dans vos supports de communication digitalis\u00e9s et imprim\u00e9s.\" \/>\n<meta name=\"robots\" content=\"index, follow, max-snippet:-1, max-image-preview:large, max-video-preview:-1\" \/>\n<link rel=\"canonical\" href=\"https:\/\/www.fanny-dirriere.fr\/blog\/pourquoi-utiliser-l-illustration-sur-vos-supports-de-communication\/\" \/>\n<meta property=\"og:locale\" content=\"fr_FR\" \/>\n<meta property=\"og:type\" content=\"article\" \/>\n<meta property=\"og:title\" content=\"Pourquoi utiliser l&#039;illustration sur vos supports de communication ?\" \/>\n<meta property=\"og:description\" content=\"Retrouvez l\u2019int\u00e9r\u00eat d\u2019utiliser l&#039;illustration dans vos supports de communication digitalis\u00e9s et imprim\u00e9s.\" \/>\n<meta property=\"og:url\" content=\"https:\/\/www.fanny-dirriere.fr\/blog\/pourquoi-utiliser-l-illustration-sur-vos-supports-de-communication\/\" \/>\n<meta property=\"og:site_name\" content=\"Blog \u00b7 Fanny Dirri\u00e8re\" \/>\n<meta property=\"article:publisher\" content=\"https:\/\/www.facebook.com\/fanny.dirriere.infographiste\" \/>\n<meta property=\"article:author\" content=\"https:\/\/www.facebook.com\/fanny.dirriere.infographiste\" \/>\n<meta property=\"article:published_time\" content=\"2022-12-27T10:25:00+00:00\" \/>\n<meta property=\"article:modified_time\" content=\"2022-12-27T10:26:26+00:00\" \/>\n<meta property=\"og:image\" content=\"https:\/\/www.fanny-dirriere.fr\/blog\/wp-content\/uploads\/2022\/12\/illustration-support-de-communication.jpg\" \/>\n\t<meta property=\"og:image:width\" content=\"2000\" \/>\n\t<meta property=\"og:image:height\" content=\"1500\" \/>\n\t<meta property=\"og:image:type\" content=\"image\/jpeg\" \/>\n<meta name=\"author\" content=\"Fanny Dirri\u00e8re\" \/>\n<meta name=\"twitter:card\" content=\"summary_large_image\" \/>\n<meta name=\"twitter:title\" content=\"Pourquoi utiliser l&#039;illustration sur vos supports de communication ?\" \/>\n<meta name=\"twitter:description\" content=\"Retrouvez l\u2019int\u00e9r\u00eat d\u2019utiliser l&#039;illustration dans vos supports de communication digitalis\u00e9s et imprim\u00e9s.\" \/>\n<meta name=\"twitter:image\" content=\"https:\/\/www.fanny-dirriere.fr\/blog\/wp-content\/uploads\/2022\/12\/illustration-support-de-communication.jpg\" \/>\n<meta name=\"twitter:creator\" content=\"@https:\/\/twitter.com\/fdirriere\" \/>\n<meta name=\"twitter:site\" content=\"@fdirriere\" \/>\n<meta name=\"twitter:label1\" content=\"\u00c9crit par\" \/>\n\t<meta name=\"twitter:data1\" content=\"Fanny Dirri\u00e8re\" \/>\n\t<meta name=\"twitter:label2\" content=\"Dur\u00e9e de lecture estim\u00e9e\" \/>\n\t<meta name=\"twitter:data2\" content=\"5 minutes\" \/>\n<script type=\"application\/ld+json\" class=\"yoast-schema-graph\">{\"@context\":\"https:\\\/\\\/schema.org\",\"@graph\":[{\"@type\":\"Article\",\"@id\":\"https:\\\/\\\/www.fanny-dirriere.fr\\\/blog\\\/pourquoi-utiliser-l-illustration-sur-vos-supports-de-communication\\\/#article\",\"isPartOf\":{\"@id\":\"https:\\\/\\\/www.fanny-dirriere.fr\\\/blog\\\/pourquoi-utiliser-l-illustration-sur-vos-supports-de-communication\\\/\"},\"author\":{\"name\":\"Fanny Dirri\u00e8re\",\"@id\":\"https:\\\/\\\/www.fanny-dirriere.fr\\\/blog\\\/#\\\/schema\\\/person\\\/12b712cac641a5f626cb9cb27aa0910b\"},\"headline\":\"Pourquoi utiliser l&rsquo;illustration sur vos supports de communication ?\",\"datePublished\":\"2022-12-27T10:25:00+00:00\",\"dateModified\":\"2022-12-27T10:26:26+00:00\",\"mainEntityOfPage\":{\"@id\":\"https:\\\/\\\/www.fanny-dirriere.fr\\\/blog\\\/pourquoi-utiliser-l-illustration-sur-vos-supports-de-communication\\\/\"},\"wordCount\":1032,\"publisher\":{\"@id\":\"https:\\\/\\\/www.fanny-dirriere.fr\\\/blog\\\/#\\\/schema\\\/person\\\/12b712cac641a5f626cb9cb27aa0910b\"},\"image\":{\"@id\":\"https:\\\/\\\/www.fanny-dirriere.fr\\\/blog\\\/pourquoi-utiliser-l-illustration-sur-vos-supports-de-communication\\\/#primaryimage\"},\"thumbnailUrl\":\"https:\\\/\\\/www.fanny-dirriere.fr\\\/blog\\\/wp-content\\\/uploads\\\/2022\\\/12\\\/illustration-support-de-communication.jpg\",\"articleSection\":[\"Conseils\"],\"inLanguage\":\"fr-FR\"},{\"@type\":\"WebPage\",\"@id\":\"https:\\\/\\\/www.fanny-dirriere.fr\\\/blog\\\/pourquoi-utiliser-l-illustration-sur-vos-supports-de-communication\\\/\",\"url\":\"https:\\\/\\\/www.fanny-dirriere.fr\\\/blog\\\/pourquoi-utiliser-l-illustration-sur-vos-supports-de-communication\\\/\",\"name\":\"Pourquoi utiliser l'illustration sur vos supports de communication ?\",\"isPartOf\":{\"@id\":\"https:\\\/\\\/www.fanny-dirriere.fr\\\/blog\\\/#website\"},\"primaryImageOfPage\":{\"@id\":\"https:\\\/\\\/www.fanny-dirriere.fr\\\/blog\\\/pourquoi-utiliser-l-illustration-sur-vos-supports-de-communication\\\/#primaryimage\"},\"image\":{\"@id\":\"https:\\\/\\\/www.fanny-dirriere.fr\\\/blog\\\/pourquoi-utiliser-l-illustration-sur-vos-supports-de-communication\\\/#primaryimage\"},\"thumbnailUrl\":\"https:\\\/\\\/www.fanny-dirriere.fr\\\/blog\\\/wp-content\\\/uploads\\\/2022\\\/12\\\/illustration-support-de-communication.jpg\",\"datePublished\":\"2022-12-27T10:25:00+00:00\",\"dateModified\":\"2022-12-27T10:26:26+00:00\",\"description\":\"Retrouvez dans cet article l\u2019int\u00e9r\u00eat d\u2019utiliser l'illustration dans vos supports de communication digitalis\u00e9s et imprim\u00e9s.\",\"breadcrumb\":{\"@id\":\"https:\\\/\\\/www.fanny-dirriere.fr\\\/blog\\\/pourquoi-utiliser-l-illustration-sur-vos-supports-de-communication\\\/#breadcrumb\"},\"inLanguage\":\"fr-FR\",\"potentialAction\":[{\"@type\":\"ReadAction\",\"target\":[\"https:\\\/\\\/www.fanny-dirriere.fr\\\/blog\\\/pourquoi-utiliser-l-illustration-sur-vos-supports-de-communication\\\/\"]}]},{\"@type\":\"ImageObject\",\"inLanguage\":\"fr-FR\",\"@id\":\"https:\\\/\\\/www.fanny-dirriere.fr\\\/blog\\\/pourquoi-utiliser-l-illustration-sur-vos-supports-de-communication\\\/#primaryimage\",\"url\":\"https:\\\/\\\/www.fanny-dirriere.fr\\\/blog\\\/wp-content\\\/uploads\\\/2022\\\/12\\\/illustration-support-de-communication.jpg\",\"contentUrl\":\"https:\\\/\\\/www.fanny-dirriere.fr\\\/blog\\\/wp-content\\\/uploads\\\/2022\\\/12\\\/illustration-support-de-communication.jpg\",\"width\":2000,\"height\":1500,\"caption\":\"Usage de l'illustration sur les supports de communication\"},{\"@type\":\"BreadcrumbList\",\"@id\":\"https:\\\/\\\/www.fanny-dirriere.fr\\\/blog\\\/pourquoi-utiliser-l-illustration-sur-vos-supports-de-communication\\\/#breadcrumb\",\"itemListElement\":[{\"@type\":\"ListItem\",\"position\":1,\"name\":\"Accueil\",\"item\":\"https:\\\/\\\/www.fanny-dirriere.fr\\\/blog\\\/\"},{\"@type\":\"ListItem\",\"position\":2,\"name\":\"Pourquoi utiliser l&rsquo;illustration sur vos supports de communication ?\"}]},{\"@type\":\"WebSite\",\"@id\":\"https:\\\/\\\/www.fanny-dirriere.fr\\\/blog\\\/#website\",\"url\":\"https:\\\/\\\/www.fanny-dirriere.fr\\\/blog\\\/\",\"name\":\"Blog \u00b7 Fanny Dirri\u00e8re\",\"description\":\"Retrouvez des contenus sur le d\u00e9veloppement de votre activit\u00e9, des connaissances, des ressources et des conseils dans le domaine de la communication.\",\"publisher\":{\"@id\":\"https:\\\/\\\/www.fanny-dirriere.fr\\\/blog\\\/#\\\/schema\\\/person\\\/12b712cac641a5f626cb9cb27aa0910b\"},\"potentialAction\":[{\"@type\":\"SearchAction\",\"target\":{\"@type\":\"EntryPoint\",\"urlTemplate\":\"https:\\\/\\\/www.fanny-dirriere.fr\\\/blog\\\/?s={search_term_string}\"},\"query-input\":{\"@type\":\"PropertyValueSpecification\",\"valueRequired\":true,\"valueName\":\"search_term_string\"}}],\"inLanguage\":\"fr-FR\"},{\"@type\":[\"Person\",\"Organization\"],\"@id\":\"https:\\\/\\\/www.fanny-dirriere.fr\\\/blog\\\/#\\\/schema\\\/person\\\/12b712cac641a5f626cb9cb27aa0910b\",\"name\":\"Fanny Dirri\u00e8re\",\"image\":{\"@type\":\"ImageObject\",\"inLanguage\":\"fr-FR\",\"@id\":\"https:\\\/\\\/www.fanny-dirriere.fr\\\/blog\\\/wp-content\\\/uploads\\\/2025\\\/03\\\/cropped-logo-blog.png\",\"url\":\"https:\\\/\\\/www.fanny-dirriere.fr\\\/blog\\\/wp-content\\\/uploads\\\/2025\\\/03\\\/cropped-logo-blog.png\",\"contentUrl\":\"https:\\\/\\\/www.fanny-dirriere.fr\\\/blog\\\/wp-content\\\/uploads\\\/2025\\\/03\\\/cropped-logo-blog.png\",\"width\":5638,\"height\":1575,\"caption\":\"Fanny Dirri\u00e8re\"},\"logo\":{\"@id\":\"https:\\\/\\\/www.fanny-dirriere.fr\\\/blog\\\/wp-content\\\/uploads\\\/2025\\\/03\\\/cropped-logo-blog.png\"},\"description\":\"Je suis graphiste freelance \u00e0 Reims depuis 2016. V\u00e9ritable passionn\u00e9e, j\u2019accompagne les entreprises dans leurs projets de communication. Je suis sp\u00e9cialis\u00e9e dans la conception des identit\u00e9s visuelles : logo, supports de communication, design et covering sur v\u00e9hicule, design des enseignes, cr\u00e9ation d'illustrations et supports pour les \u00e9v\u00e8nements. Je suis aussi experte dans le design des sites, interfaces web, jeux et applications.\",\"sameAs\":[\"https:\\\/\\\/www.fanny-dirriere.fr\\\/blog\",\"https:\\\/\\\/www.facebook.com\\\/fanny.dirriere.infographiste\",\"https:\\\/\\\/www.instagram.com\\\/fanny.dirriere\\\/\",\"https:\\\/\\\/www.linkedin.com\\\/in\\\/fanny-lehuraux-0528b553\\\/\",\"https:\\\/\\\/x.com\\\/https:\\\/\\\/twitter.com\\\/fdirriere\",\"https:\\\/\\\/www.youtube.com\\\/channel\\\/UCa5Rb4VYtjKVqC0o8iXBiSg\"],\"url\":\"https:\\\/\\\/www.fanny-dirriere.fr\\\/blog\\\/author\\\/fanny-lhx\\\/\"}]}<\/script>\n<!-- \/ Yoast SEO plugin. -->","yoast_head_json":{"title":"Pourquoi utiliser l'illustration sur vos supports de communication ?","description":"Retrouvez dans cet article l\u2019int\u00e9r\u00eat d\u2019utiliser l'illustration dans vos supports de communication digitalis\u00e9s et imprim\u00e9s.","robots":{"index":"index","follow":"follow","max-snippet":"max-snippet:-1","max-image-preview":"max-image-preview:large","max-video-preview":"max-video-preview:-1"},"canonical":"https:\/\/www.fanny-dirriere.fr\/blog\/pourquoi-utiliser-l-illustration-sur-vos-supports-de-communication\/","og_locale":"fr_FR","og_type":"article","og_title":"Pourquoi utiliser l'illustration sur vos supports de communication ?","og_description":"Retrouvez l\u2019int\u00e9r\u00eat d\u2019utiliser l'illustration dans vos supports de communication digitalis\u00e9s et imprim\u00e9s.","og_url":"https:\/\/www.fanny-dirriere.fr\/blog\/pourquoi-utiliser-l-illustration-sur-vos-supports-de-communication\/","og_site_name":"Blog \u00b7 Fanny Dirri\u00e8re","article_publisher":"https:\/\/www.facebook.com\/fanny.dirriere.infographiste","article_author":"https:\/\/www.facebook.com\/fanny.dirriere.infographiste","article_published_time":"2022-12-27T10:25:00+00:00","article_modified_time":"2022-12-27T10:26:26+00:00","og_image":[{"width":2000,"height":1500,"url":"https:\/\/www.fanny-dirriere.fr\/blog\/wp-content\/uploads\/2022\/12\/illustration-support-de-communication.jpg","type":"image\/jpeg"}],"author":"Fanny Dirri\u00e8re","twitter_card":"summary_large_image","twitter_title":"Pourquoi utiliser l'illustration sur vos supports de communication ?","twitter_description":"Retrouvez l\u2019int\u00e9r\u00eat d\u2019utiliser l'illustration dans vos supports de communication digitalis\u00e9s et imprim\u00e9s.","twitter_image":"https:\/\/www.fanny-dirriere.fr\/blog\/wp-content\/uploads\/2022\/12\/illustration-support-de-communication.jpg","twitter_creator":"@https:\/\/twitter.com\/fdirriere","twitter_site":"@fdirriere","twitter_misc":{"\u00c9crit par":"Fanny Dirri\u00e8re","Dur\u00e9e de lecture estim\u00e9e":"5 minutes"},"schema":{"@context":"https:\/\/schema.org","@graph":[{"@type":"Article","@id":"https:\/\/www.fanny-dirriere.fr\/blog\/pourquoi-utiliser-l-illustration-sur-vos-supports-de-communication\/#article","isPartOf":{"@id":"https:\/\/www.fanny-dirriere.fr\/blog\/pourquoi-utiliser-l-illustration-sur-vos-supports-de-communication\/"},"author":{"name":"Fanny Dirri\u00e8re","@id":"https:\/\/www.fanny-dirriere.fr\/blog\/#\/schema\/person\/12b712cac641a5f626cb9cb27aa0910b"},"headline":"Pourquoi utiliser l&rsquo;illustration sur vos supports de communication ?","datePublished":"2022-12-27T10:25:00+00:00","dateModified":"2022-12-27T10:26:26+00:00","mainEntityOfPage":{"@id":"https:\/\/www.fanny-dirriere.fr\/blog\/pourquoi-utiliser-l-illustration-sur-vos-supports-de-communication\/"},"wordCount":1032,"publisher":{"@id":"https:\/\/www.fanny-dirriere.fr\/blog\/#\/schema\/person\/12b712cac641a5f626cb9cb27aa0910b"},"image":{"@id":"https:\/\/www.fanny-dirriere.fr\/blog\/pourquoi-utiliser-l-illustration-sur-vos-supports-de-communication\/#primaryimage"},"thumbnailUrl":"https:\/\/www.fanny-dirriere.fr\/blog\/wp-content\/uploads\/2022\/12\/illustration-support-de-communication.jpg","articleSection":["Conseils"],"inLanguage":"fr-FR"},{"@type":"WebPage","@id":"https:\/\/www.fanny-dirriere.fr\/blog\/pourquoi-utiliser-l-illustration-sur-vos-supports-de-communication\/","url":"https:\/\/www.fanny-dirriere.fr\/blog\/pourquoi-utiliser-l-illustration-sur-vos-supports-de-communication\/","name":"Pourquoi utiliser l'illustration sur vos supports de communication ?","isPartOf":{"@id":"https:\/\/www.fanny-dirriere.fr\/blog\/#website"},"primaryImageOfPage":{"@id":"https:\/\/www.fanny-dirriere.fr\/blog\/pourquoi-utiliser-l-illustration-sur-vos-supports-de-communication\/#primaryimage"},"image":{"@id":"https:\/\/www.fanny-dirriere.fr\/blog\/pourquoi-utiliser-l-illustration-sur-vos-supports-de-communication\/#primaryimage"},"thumbnailUrl":"https:\/\/www.fanny-dirriere.fr\/blog\/wp-content\/uploads\/2022\/12\/illustration-support-de-communication.jpg","datePublished":"2022-12-27T10:25:00+00:00","dateModified":"2022-12-27T10:26:26+00:00","description":"Retrouvez dans cet article l\u2019int\u00e9r\u00eat d\u2019utiliser l'illustration dans vos supports de communication digitalis\u00e9s et imprim\u00e9s.","breadcrumb":{"@id":"https:\/\/www.fanny-dirriere.fr\/blog\/pourquoi-utiliser-l-illustration-sur-vos-supports-de-communication\/#breadcrumb"},"inLanguage":"fr-FR","potentialAction":[{"@type":"ReadAction","target":["https:\/\/www.fanny-dirriere.fr\/blog\/pourquoi-utiliser-l-illustration-sur-vos-supports-de-communication\/"]}]},{"@type":"ImageObject","inLanguage":"fr-FR","@id":"https:\/\/www.fanny-dirriere.fr\/blog\/pourquoi-utiliser-l-illustration-sur-vos-supports-de-communication\/#primaryimage","url":"https:\/\/www.fanny-dirriere.fr\/blog\/wp-content\/uploads\/2022\/12\/illustration-support-de-communication.jpg","contentUrl":"https:\/\/www.fanny-dirriere.fr\/blog\/wp-content\/uploads\/2022\/12\/illustration-support-de-communication.jpg","width":2000,"height":1500,"caption":"Usage de l'illustration sur les supports de communication"},{"@type":"BreadcrumbList","@id":"https:\/\/www.fanny-dirriere.fr\/blog\/pourquoi-utiliser-l-illustration-sur-vos-supports-de-communication\/#breadcrumb","itemListElement":[{"@type":"ListItem","position":1,"name":"Accueil","item":"https:\/\/www.fanny-dirriere.fr\/blog\/"},{"@type":"ListItem","position":2,"name":"Pourquoi utiliser l&rsquo;illustration sur vos supports de communication ?"}]},{"@type":"WebSite","@id":"https:\/\/www.fanny-dirriere.fr\/blog\/#website","url":"https:\/\/www.fanny-dirriere.fr\/blog\/","name":"Blog \u00b7 Fanny Dirri\u00e8re","description":"Retrouvez des contenus sur le d\u00e9veloppement de votre activit\u00e9, des connaissances, des ressources et des conseils dans le domaine de la communication.","publisher":{"@id":"https:\/\/www.fanny-dirriere.fr\/blog\/#\/schema\/person\/12b712cac641a5f626cb9cb27aa0910b"},"potentialAction":[{"@type":"SearchAction","target":{"@type":"EntryPoint","urlTemplate":"https:\/\/www.fanny-dirriere.fr\/blog\/?s={search_term_string}"},"query-input":{"@type":"PropertyValueSpecification","valueRequired":true,"valueName":"search_term_string"}}],"inLanguage":"fr-FR"},{"@type":["Person","Organization"],"@id":"https:\/\/www.fanny-dirriere.fr\/blog\/#\/schema\/person\/12b712cac641a5f626cb9cb27aa0910b","name":"Fanny Dirri\u00e8re","image":{"@type":"ImageObject","inLanguage":"fr-FR","@id":"https:\/\/www.fanny-dirriere.fr\/blog\/wp-content\/uploads\/2025\/03\/cropped-logo-blog.png","url":"https:\/\/www.fanny-dirriere.fr\/blog\/wp-content\/uploads\/2025\/03\/cropped-logo-blog.png","contentUrl":"https:\/\/www.fanny-dirriere.fr\/blog\/wp-content\/uploads\/2025\/03\/cropped-logo-blog.png","width":5638,"height":1575,"caption":"Fanny Dirri\u00e8re"},"logo":{"@id":"https:\/\/www.fanny-dirriere.fr\/blog\/wp-content\/uploads\/2025\/03\/cropped-logo-blog.png"},"description":"Je suis graphiste freelance \u00e0 Reims depuis 2016. V\u00e9ritable passionn\u00e9e, j\u2019accompagne les entreprises dans leurs projets de communication. Je suis sp\u00e9cialis\u00e9e dans la conception des identit\u00e9s visuelles : logo, supports de communication, design et covering sur v\u00e9hicule, design des enseignes, cr\u00e9ation d'illustrations et supports pour les \u00e9v\u00e8nements. Je suis aussi experte dans le design des sites, interfaces web, jeux et applications.","sameAs":["https:\/\/www.fanny-dirriere.fr\/blog","https:\/\/www.facebook.com\/fanny.dirriere.infographiste","https:\/\/www.instagram.com\/fanny.dirriere\/","https:\/\/www.linkedin.com\/in\/fanny-lehuraux-0528b553\/","https:\/\/x.com\/https:\/\/twitter.com\/fdirriere","https:\/\/www.youtube.com\/channel\/UCa5Rb4VYtjKVqC0o8iXBiSg"],"url":"https:\/\/www.fanny-dirriere.fr\/blog\/author\/fanny-lhx\/"}]}},"_links":{"self":[{"href":"https:\/\/www.fanny-dirriere.fr\/blog\/wp-json\/wp\/v2\/posts\/594","targetHints":{"allow":["GET"]}}],"collection":[{"href":"https:\/\/www.fanny-dirriere.fr\/blog\/wp-json\/wp\/v2\/posts"}],"about":[{"href":"https:\/\/www.fanny-dirriere.fr\/blog\/wp-json\/wp\/v2\/types\/post"}],"author":[{"embeddable":true,"href":"https:\/\/www.fanny-dirriere.fr\/blog\/wp-json\/wp\/v2\/users\/1"}],"replies":[{"embeddable":true,"href":"https:\/\/www.fanny-dirriere.fr\/blog\/wp-json\/wp\/v2\/comments?post=594"}],"version-history":[{"count":52,"href":"https:\/\/www.fanny-dirriere.fr\/blog\/wp-json\/wp\/v2\/posts\/594\/revisions"}],"predecessor-version":[{"id":647,"href":"https:\/\/www.fanny-dirriere.fr\/blog\/wp-json\/wp\/v2\/posts\/594\/revisions\/647"}],"wp:featuredmedia":[{"embeddable":true,"href":"https:\/\/www.fanny-dirriere.fr\/blog\/wp-json\/wp\/v2\/media\/607"}],"wp:attachment":[{"href":"https:\/\/www.fanny-dirriere.fr\/blog\/wp-json\/wp\/v2\/media?parent=594"}],"wp:term":[{"taxonomy":"category","embeddable":true,"href":"https:\/\/www.fanny-dirriere.fr\/blog\/wp-json\/wp\/v2\/categories?post=594"},{"taxonomy":"post_tag","embeddable":true,"href":"https:\/\/www.fanny-dirriere.fr\/blog\/wp-json\/wp\/v2\/tags?post=594"}],"curies":[{"name":"wp","href":"https:\/\/api.w.org\/{rel}","templated":true}]}}