{"id":542,"date":"2025-11-12T11:54:00","date_gmt":"2025-11-12T10:54:00","guid":{"rendered":"https:\/\/www.fanny-dirriere.fr\/blog\/?p=542"},"modified":"2025-12-10T09:39:25","modified_gmt":"2025-12-10T08:39:25","slug":"carte-de-voeux-professionnelle","status":"publish","type":"post","link":"https:\/\/www.fanny-dirriere.fr\/blog\/carte-de-voeux-professionnelle\/","title":{"rendered":"Carte de v\u0153ux professionnelle pour 2026"},"content":{"rendered":"<span class=\"span-reading-time rt-reading-time\" style=\"display: block;\"><span class=\"rt-label rt-prefix\">Temps de lecture : <\/span> <span class=\"rt-time\"> 4<\/span> <span class=\"rt-label rt-postfix\">min<\/span><\/span>\n<p><strong>Si vous \u00eates ici, c&rsquo;est que vous pensez tout juste \u00e0 cette fameuse et traditionnelle carte de v\u0153ux professionnelle ! Je me trompe ? Et oui, la saison des v\u0153ux arrive bient\u00f4t ! \ud83c\udf84 En tant que graphiste et illustratrice freelance \u00e0 Reims, je vous propose cet article qui vous permettra d\u2019anticiper la r\u00e9alisation de votre carte de v\u0153ux professionnelle. Vous y retrouverez \u00e9galement plein de bons conseils ! \ud83d\ude00<\/strong><\/p>\n\n\n\n<div id=\"ez-toc-container\" class=\"ez-toc-v2_0_82_2 ez-toc-wrap-left counter-hierarchy ez-toc-counter ez-toc-custom ez-toc-container-direction\">\n<div class=\"ez-toc-title-container\">\n<p class=\"ez-toc-title\" style=\"cursor:inherit\">Au sommaire<\/p>\n<span class=\"ez-toc-title-toggle\"><\/span><\/div>\n<nav><ul class='ez-toc-list ez-toc-list-level-1 ' ><li class='ez-toc-page-1 ez-toc-heading-level-2'><a class=\"ez-toc-link ez-toc-heading-1\" href=\"https:\/\/www.fanny-dirriere.fr\/blog\/carte-de-voeux-professionnelle\/#Quavez-vous_prevu_pour_presenter_vos_voeux_de_fin_dannee\" >Qu\u2019avez-vous pr\u00e9vu pour pr\u00e9senter vos v\u0153ux de fin d\u2019ann\u00e9e ?<\/a><ul class='ez-toc-list-level-3' ><li class='ez-toc-heading-level-3'><a class=\"ez-toc-link ez-toc-heading-2\" href=\"https:\/\/www.fanny-dirriere.fr\/blog\/carte-de-voeux-professionnelle\/#Carte_de_voeux_professionnelle_au_format_papier\" >Carte de v\u0153ux professionnelle au format papier<\/a><\/li><li class='ez-toc-page-1 ez-toc-heading-level-3'><a class=\"ez-toc-link ez-toc-heading-3\" href=\"https:\/\/www.fanny-dirriere.fr\/blog\/carte-de-voeux-professionnelle\/#Carte_de_voeux_professionnelle_au_format_digitalise\" >Carte de v\u0153ux professionnelle au format digitalis\u00e9<\/a><\/li><\/ul><\/li><li class='ez-toc-page-1 ez-toc-heading-level-2'><a class=\"ez-toc-link ez-toc-heading-4\" href=\"https:\/\/www.fanny-dirriere.fr\/blog\/carte-de-voeux-professionnelle\/#Mes_conseils\" >Mes conseils<\/a><ul class='ez-toc-list-level-3' ><li class='ez-toc-heading-level-3'><a class=\"ez-toc-link ez-toc-heading-5\" href=\"https:\/\/www.fanny-dirriere.fr\/blog\/carte-de-voeux-professionnelle\/#Ne_vous_y_prenez_pas_trop_tard\" >Ne vous y prenez pas trop tard !<\/a><\/li><li class='ez-toc-page-1 ez-toc-heading-level-3'><a class=\"ez-toc-link ez-toc-heading-6\" href=\"https:\/\/www.fanny-dirriere.fr\/blog\/carte-de-voeux-professionnelle\/#Choisissez_les_destinataires_de_votre_carte_de_voeux_professionnelle\" >Choisissez les destinataires de votre carte de v\u0153ux professionnelle<\/a><\/li><li class='ez-toc-page-1 ez-toc-heading-level-3'><a class=\"ez-toc-link ez-toc-heading-7\" href=\"https:\/\/www.fanny-dirriere.fr\/blog\/carte-de-voeux-professionnelle\/#Faites_realiser_une_illustration_originale_et_personnalisee\" >Faites r\u00e9aliser une illustration originale et personnalis\u00e9e<\/a><\/li><li class='ez-toc-page-1 ez-toc-heading-level-3'><a class=\"ez-toc-link ez-toc-heading-8\" href=\"https:\/\/www.fanny-dirriere.fr\/blog\/carte-de-voeux-professionnelle\/#Carte_de_voeux_imprimee_Choisissez_les_bonnes_finitions\" >Carte de v\u0153ux imprim\u00e9e ? Choisissez les bonnes finitions.<\/a><\/li><li class='ez-toc-page-1 ez-toc-heading-level-3'><a class=\"ez-toc-link ez-toc-heading-9\" href=\"https:\/\/www.fanny-dirriere.fr\/blog\/carte-de-voeux-professionnelle\/#Redigez_un_message_personnalise_sur_votre_carte_de_voeux_entreprise\" >R\u00e9digez un message personnalis\u00e9 sur votre carte de v\u0153ux entreprise<\/a><\/li><li class='ez-toc-page-1 ez-toc-heading-level-3'><a class=\"ez-toc-link ez-toc-heading-10\" href=\"https:\/\/www.fanny-dirriere.fr\/blog\/carte-de-voeux-professionnelle\/#Signez_votre_carte_de_voeux_a_la_main\" >Signez votre carte de v\u0153ux \u00e0 la main<\/a><\/li><li class='ez-toc-page-1 ez-toc-heading-level-3'><a class=\"ez-toc-link ez-toc-heading-11\" href=\"https:\/\/www.fanny-dirriere.fr\/blog\/carte-de-voeux-professionnelle\/#Envoyez_une_carte_de_voeux_professionnelle_unique_chaque_annee\" >Envoyez une carte de v\u0153ux professionnelle unique chaque ann\u00e9e<\/a><\/li><\/ul><\/li><li class='ez-toc-page-1 ez-toc-heading-level-2'><a class=\"ez-toc-link ez-toc-heading-12\" href=\"https:\/\/www.fanny-dirriere.fr\/blog\/carte-de-voeux-professionnelle\/#Pour_conclure\" >Pour conclure<\/a><\/li><\/ul><\/nav><\/div>\n<h2 class=\"wp-block-heading\"><span class=\"ez-toc-section\" id=\"Quavez-vous_prevu_pour_presenter_vos_voeux_de_fin_dannee\"><\/span>Qu\u2019avez-vous pr\u00e9vu pour pr\u00e9senter vos v\u0153ux de fin d\u2019ann\u00e9e ?<span class=\"ez-toc-section-end\"><\/span><\/h2>\n\n\n\n<h3 class=\"wp-block-heading\"><span class=\"ez-toc-section\" id=\"Carte_de_voeux_professionnelle_au_format_papier\"><\/span>Carte de v\u0153ux professionnelle au format papier<span class=\"ez-toc-section-end\"><\/span><\/h3>\n\n\n\n<p>De nos jours, la <strong>traditionnelle carte de v\u0153ux imprim\u00e9e<\/strong> se perd mais n\u2019est pourtant pas p\u00e9rim\u00e9e ! Le fait de recevoir \u00e0 nouveau ces traditionnelles cartes de v\u0153ux dans nos boites aux lettres rendra votre client ravi. Je vous l\u2019assure ! \u263a\ufe0f Sa satisfaction est votre principale priorit\u00e9 et le fait que vous pensiez \u00e0 lui va <strong>renforcer votre relation<\/strong>. Je vous donne quelques conseils un peu plus bas pour bien la r\u00e9aliser.<\/p>\n\n\n\n<p>Si vous \u00eates <strong>tr\u00e8s sensible \u00e0 notre environnement<\/strong>, vous pouvez utiliser du<strong> papier recycl\u00e9 <\/strong>pour imprimer votre carte de v\u0153ux professionnelle. Rien de tel pour faire passer un message positif sur vos valeurs \u00e0 vos clients !&nbsp;<\/p>\n\n\n\n<h3 class=\"wp-block-heading\"><span class=\"ez-toc-section\" id=\"Carte_de_voeux_professionnelle_au_format_digitalise\"><\/span>Carte de v\u0153ux professionnelle au format digitalis\u00e9<span class=\"ez-toc-section-end\"><\/span><\/h3>\n\n\n\n<p>Votre carte de v\u0153ux peut \u00e9galement se faire sous la forme digitalis\u00e9e sur diff\u00e9rents formats :<\/p>\n\n\n\n<ul class=\"wp-block-list\">\n<li><strong>Le format email<\/strong><br>Votre carte de v\u0153ux peut \u00eatre <strong>envoy\u00e9e par<\/strong> <strong>email \u00e0 tous vos contacts<\/strong>, mais aussi <strong>en r\u00e9ponse aux v\u0153ux que vous allez recevoir<\/strong> de vos clients, fournisseurs, prestataires, etc.<\/li>\n<\/ul>\n\n\n\n<ul class=\"wp-block-list\">\n<li><strong>Le format JPG ou PNG<\/strong><br>Vous pouvez diffuser votre carte de v\u0153ux sur vos <strong>r\u00e9seaux sociaux<\/strong> (Facebook, Linkedin, Instagram, Twitter\u2026).<br>Votre carte de v\u0153ux peut \u00eatre envoy\u00e9e par <strong>SMS<\/strong> \u00e0 vos clients, mais aussi en r\u00e9ponse aux v\u0153ux que vous allez recevoir.<\/li>\n<\/ul>\n\n\n\n<ul class=\"wp-block-list\">\n<li><strong>Le format vid\u00e9o<\/strong><br>Pour une diffusion sur les<strong> r\u00e9seaux sociaux<\/strong>, par <strong>email<\/strong> ou sur votre <strong>site<\/strong>, vous pouvez aussi pr\u00e9parer en amont une vid\u00e9o professionnelle que vous diffusez pour le 1er janvier ! <\/li>\n<\/ul>\n\n\n\n<h2 class=\"wp-block-heading\"><span class=\"ez-toc-section\" id=\"Mes_conseils\"><\/span>Mes conseils<span class=\"ez-toc-section-end\"><\/span><\/h2>\n\n\n\n<h3 class=\"wp-block-heading\"><span class=\"ez-toc-section\" id=\"Ne_vous_y_prenez_pas_trop_tard\"><\/span>Ne vous y prenez pas trop tard !<span class=\"ez-toc-section-end\"><\/span><\/h3>\n\n\n\n<p>La <strong>r\u00e9alisation d\u2019une illustration, d\u2019une id\u00e9e graphique peut prendre du temps<\/strong>. Pensez \u00e9galement aux <strong>d\u00e9lais d\u2019impression<\/strong> si vous passez par une imprimerie locale qui prendra des cong\u00e9s et fermera probablement durant les f\u00eates. Vous avez \u00e9galement la possibilit\u00e9 d\u2019imprimer votre carte de v\u0153ux, si son format est standard, via un site en ligne tel quel <a href=\"https:\/\/www.vistaprint.fr\/\" target=\"_blank\" rel=\"noreferrer noopener\">Vistaprint<\/a>.<\/p>\n\n\n\n<h3 class=\"wp-block-heading\"><span class=\"ez-toc-section\" id=\"Choisissez_les_destinataires_de_votre_carte_de_voeux_professionnelle\"><\/span>Choisissez les destinataires de votre carte de v\u0153ux professionnelle<span class=\"ez-toc-section-end\"><\/span><\/h3>\n\n\n\n<p>Si vous envoyez une carte de v\u0153ux papier (ou carte de v\u0153ux imprim\u00e9e), la premi\u00e8re question concernera votre <strong>budget<\/strong>. L\u2019enverrez-vous \u00e0 tous vos clients ou \u00e0 vos meilleurs clients ? Un petit cadeau, voire un <strong>objet publicitaire <\/strong>pourra \u00e9galement l\u2019accompagner.<\/p>\n\n\n\n<p>Ce choix vous appartient. Ces questions vous permettront de d\u00e9cider du nombre d\u2019impressions \u00e0 r\u00e9aliser.<\/p>\n\n\n\n<p>Vous pouvez \u00e9galement envoyer votre <strong>carte de v\u0153ux digitalis\u00e9e<\/strong>. Son envoi est \u00ab&nbsp;<strong>gratuit<\/strong>&nbsp;\u00bb, vous pourrez alors l\u2019envoyer \u00e0 tous vos contacts (clients, prospects, fournisseurs, prestataires, etc.).<\/p>\n\n\n\n<h3 class=\"wp-block-heading\"><span class=\"ez-toc-section\" id=\"Faites_realiser_une_illustration_originale_et_personnalisee\"><\/span>Faites r\u00e9aliser une illustration originale et personnalis\u00e9e<span class=\"ez-toc-section-end\"><\/span><\/h3>\n\n\n\n<p><strong>D\u00e9finissez les grandes lignes <\/strong>: votre carte de v\u0153ux professionnelle doit-elle \u00eatre \u00ab\u00a0chart\u00e9e\u00a0\u00bb avec vos codes couleurs ou \u00eates-vous pr\u00eat \u00e0 sortir de votre charte graphique ?<\/p>\n\n\n\n<p>Proposez une <strong>belle illustration<\/strong> qui va sortir de l\u2019ordinaire va vous d\u00e9marquer. Vous pouvez faire r\u00e9aliser par un graphiste la cr\u00e9ation d&rsquo;une illustration forte, rappelant votre activit\u00e9. N\u2019oubliez pas d\u2019y int\u00e9grer votre logo. Celui-ci devra bien se fondre avec votre visuel.<\/p>\n\n\n\n<p>Vous pouvez aussi partir sur une belle<strong> photographie de votre \u00e9quipe<\/strong>. La photo humanise votre communication et vos clients vont mettre un visage \u00e0 toute l\u2019\u00e9quipe de votre entreprise.<\/p>\n\n\n\n<p>Le rendu de votre carte de v\u0153ux professionnelle doit v\u00e9hiculer les <strong>valeurs<\/strong> de votre entreprise. Votre visuel doit rester <strong>sobre et professionnel<\/strong>. N\u2019h\u00e9sitez pas \u00e0 faire appel \u00e0 un graphiste freelance pour en r\u00e9aliser son design.&nbsp;<\/p>\n\n\n\n<h3 class=\"wp-block-heading\"><span class=\"ez-toc-section\" id=\"Carte_de_voeux_imprimee_Choisissez_les_bonnes_finitions\"><\/span>Carte de v\u0153ux imprim\u00e9e ? Choisissez les bonnes finitions.<span class=\"ez-toc-section-end\"><\/span><\/h3>\n\n\n\n<p>Pour faire ressortir une <strong>illustration<\/strong> ou une <strong>photographie<\/strong>, optez pour du <strong>papier glac\u00e9 <\/strong>car sa surface est brillante, id\u00e9ale pour ce type de graphisme. Un <strong>papier mat <\/strong>de bonne qualit\u00e9 peut aussi faire ressortir les <strong>graphismes aux couleurs \u00e9clatantes<\/strong>.&nbsp;<\/p>\n\n\n\n<p>Si vous \u00eates <strong>tr\u00e8s sensible \u00e0 notre environnement<\/strong>, vous pouvez utiliser du<strong> papier mat recycl\u00e9 <\/strong>pour imprimer votre carte de v\u0153ux professionnelle. Vous mettrez alors en avant<strong> vos valeurs <\/strong>\u00e0 vos clients !&nbsp;<\/p>\n\n\n\n<p>Apportez du relief en ajoutant de la <strong>dorure<\/strong> ou un <strong>effet m\u00e9tallis\u00e9<\/strong> pour faire ressortir votre message. Vous apporterez un <strong>meilleur rendu \u00e0 vos cartes de v\u0153ux professionnelles<\/strong> et un petit brin de magie en plus ! \u2728<\/p>\n\n\n\n<h3 class=\"wp-block-heading\"><span class=\"ez-toc-section\" id=\"Redigez_un_message_personnalise_sur_votre_carte_de_voeux_entreprise\"><\/span>R\u00e9digez un message personnalis\u00e9 sur votre carte de v\u0153ux entreprise<span class=\"ez-toc-section-end\"><\/span><\/h3>\n\n\n\n<p>Vous pouvez mettre un <strong>message type au dos de vos cartes de voeux professionnelles<\/strong> et y ajouter un <strong>message personnalis\u00e9<\/strong> pour vos clients, <strong>\u00e9crit \u00e0 la main<\/strong>. Si vous n\u2019avez pas trop d\u2019envois de cartes de v\u0153ux, vous pouvez \u00e9crire un <strong>message 100% \u00e9crit \u00e0 la main<\/strong>. Attention \u00e0 ne pas vous faire de tendinite avant les f\u00eates ! \ud83d\ude09<\/p>\n\n\n\n<p>Mettre un message personnalis\u00e9 va <strong>entretenir votre relation avec votre client<\/strong>. Ne partez pas sur un message duplicable. <strong>Personnalisez au maximum <\/strong>en fonction de la relation que vous avez ou que vous avez eu avec lui. En utilisant le<strong> bon ton <\/strong>et les <strong>bons<\/strong> <strong>mots<\/strong>, vous allez impacter et rester grav\u00e9 dans l\u2019esprit du client qui recevra votre carte de v\u0153ux.<\/p>\n\n\n\n<p>Votre message personnalis\u00e9 doit correspondre aussi \u00e0 la <strong>personnalit\u00e9 de votre client <\/strong>et \u00e0 son<strong> secteur d\u2019activit\u00e9<\/strong>.<\/p>\n\n\n\n<h3 class=\"wp-block-heading\"><span class=\"ez-toc-section\" id=\"Signez_votre_carte_de_voeux_a_la_main\"><\/span>Signez votre carte de v\u0153ux \u00e0 la main<span class=\"ez-toc-section-end\"><\/span><\/h3>\n\n\n\n<p>Que votre carte de v\u0153ux soit \u00e9crit \u00e0 la main ou que le message soit pr\u00e9sent directement sur la carte, vous pouvez <strong>apposer votre signature \u00e0 la main<\/strong>. Si vous en avez beaucoup, pr\u00e9voyez du temps pour signer vos cartes, sinon partez sur la solution de la <strong>signature num\u00e9rique <\/strong>pour gagner du temps. Vous pourrez choisir une couleur qui se d\u00e9marque du texte pour un meilleur rendu, suivant le design g\u00e9n\u00e9ral de votre carte de v\u0153ux.&nbsp;<\/p>\n\n\n\n<h3 class=\"wp-block-heading\"><span class=\"ez-toc-section\" id=\"Envoyez_une_carte_de_voeux_professionnelle_unique_chaque_annee\"><\/span>Envoyez une carte de v\u0153ux professionnelle unique chaque ann\u00e9e<span class=\"ez-toc-section-end\"><\/span><\/h3>\n\n\n\n<p>Si l\u2019envoi d\u2019une carte de v\u0153ux est votre tradition, votre client s\u2019attendra \u00e0 recevoir tous les ans sa carte de v\u0153ux. Alors, pensez toujours \u00e0 <strong>pr\u00e9voir sa conception graphique \u00e0 l\u2019avance,<\/strong> et partir sur <strong>une id\u00e9e nouvelle chaque ann\u00e9e<\/strong>.<\/p>\n\n\n\n<h2 class=\"wp-block-heading\"><span class=\"ez-toc-section\" id=\"Pour_conclure\"><\/span>Pour conclure<span class=\"ez-toc-section-end\"><\/span><\/h2>\n\n\n\n<p><strong>La carte de v\u0153ux n\u2019est pas d\u00e9pass\u00e9e. Au contraire ! C\u2019est une mani\u00e8re d\u2019entretenir votre relation avec votre client. C\u2019est une mani\u00e8re de dire que vous pensez \u00e0 lui. Une belle mani\u00e8re de d\u00e9marrer l\u2019ann\u00e9e !&nbsp;<\/strong><\/p>\n\n\n\n<p class=\"has-background\" style=\"background-color:#f4f4f4\"><strong>N&rsquo;h\u00e9sitez pas \u00e0 me contacter si vous souhaitez que je r\u00e9alise vos cartes de v\u0153ux professionnelles !<\/strong><br>\u2709\ufe0f <a href=\"\/contact\">Me contacter<\/a><br>\ud83c\udfa8 <a href=\"\/illustratrice-reims\">Voir mes cr\u00e9ations graphiques de carte de v\u0153ux<\/a><br>\ud83c\udfa5 <a href=\"https:\/\/youtu.be\/kA924sA4zJI\" target=\"_blank\" rel=\"noreferrer noopener\">Voir la version en vid\u00e9o<\/a> (Youtube)<\/p>\n","protected":false},"excerpt":{"rendered":"<p><span class=\"span-reading-time rt-reading-time\" style=\"display: block;\"><span class=\"rt-label rt-prefix\">Temps de lecture : <\/span> <span class=\"rt-time\"> 4<\/span> <span class=\"rt-label rt-postfix\">min<\/span><\/span>La saison des v\u0153ux arrive bient\u00f4t ! \ud83c\udf84 Cet article vous permettra d\u2019anticiper la r\u00e9alisation de votre carte de v\u0153ux professionnelle.<\/p>\n","protected":false},"author":1,"featured_media":541,"comment_status":"closed","ping_status":"closed","sticky":false,"template":"","format":"standard","meta":{"footnotes":""},"categories":[4],"tags":[],"class_list":["post-542","post","type-post","status-publish","format-standard","has-post-thumbnail","hentry","category-conseils","latest_post"],"yoast_head":"<!-- This site is optimized with the Yoast SEO plugin v27.5 - https:\/\/yoast.com\/product\/yoast-seo-wordpress\/ -->\n<title>Carte de v\u0153ux professionnelle pour 2026 - Blog \u00b7 Fanny Dirri\u00e8re<\/title>\n<meta name=\"description\" content=\"La saison des v\u0153ux arrive bient\u00f4t ! \ud83c\udf84 Cet article vous permettra d\u2019anticiper la r\u00e9alisation de votre carte de v\u0153ux professionnelle.\" \/>\n<meta name=\"robots\" content=\"index, follow, max-snippet:-1, max-image-preview:large, max-video-preview:-1\" \/>\n<link rel=\"canonical\" href=\"https:\/\/www.fanny-dirriere.fr\/blog\/carte-de-voeux-professionnelle\/\" \/>\n<meta property=\"og:locale\" content=\"fr_FR\" \/>\n<meta property=\"og:type\" content=\"article\" \/>\n<meta property=\"og:title\" content=\"Carte de v\u0153ux professionnelle pour 2024\" \/>\n<meta property=\"og:description\" content=\"La saison des v\u0153ux arrive bient\u00f4t ! \ud83c\udf84 Cet article vous permettra d\u2019anticiper la r\u00e9alisation de votre carte de v\u0153ux professionnelle.\" \/>\n<meta property=\"og:url\" content=\"https:\/\/www.fanny-dirriere.fr\/blog\/carte-de-voeux-professionnelle\/\" \/>\n<meta property=\"og:site_name\" content=\"Blog \u00b7 Fanny Dirri\u00e8re\" \/>\n<meta property=\"article:publisher\" content=\"https:\/\/www.facebook.com\/fanny.dirriere.infographiste\" \/>\n<meta property=\"article:author\" content=\"https:\/\/www.facebook.com\/fanny.dirriere.infographiste\" \/>\n<meta property=\"article:published_time\" content=\"2025-11-12T10:54:00+00:00\" \/>\n<meta property=\"article:modified_time\" content=\"2025-12-10T08:39:25+00:00\" \/>\n<meta property=\"og:image\" content=\"https:\/\/www.fanny-dirriere.fr\/blog\/wp-content\/uploads\/2022\/11\/carte-de-voeux.jpg\" \/>\n\t<meta property=\"og:image:width\" content=\"2000\" \/>\n\t<meta property=\"og:image:height\" content=\"1500\" \/>\n\t<meta property=\"og:image:type\" content=\"image\/jpeg\" \/>\n<meta name=\"author\" content=\"Fanny Dirri\u00e8re\" \/>\n<meta name=\"twitter:card\" content=\"summary_large_image\" \/>\n<meta name=\"twitter:title\" content=\"Carte de v\u0153ux professionnelle pour 2023\" \/>\n<meta name=\"twitter:description\" content=\"La saison des v\u0153ux arrive bient\u00f4t ! \ud83c\udf84 Cet article vous permettra d\u2019anticiper la r\u00e9alisation de votre carte de v\u0153ux professionnelle.\" \/>\n<meta name=\"twitter:image\" content=\"https:\/\/www.fanny-dirriere.fr\/blog\/wp-content\/uploads\/2022\/11\/carte-de-voeux.jpg\" \/>\n<meta name=\"twitter:creator\" content=\"@https:\/\/twitter.com\/fdirriere\" \/>\n<meta name=\"twitter:site\" content=\"@fdirriere\" \/>\n<meta name=\"twitter:label1\" content=\"\u00c9crit par\" \/>\n\t<meta name=\"twitter:data1\" content=\"Fanny Dirri\u00e8re\" \/>\n\t<meta name=\"twitter:label2\" content=\"Dur\u00e9e de lecture estim\u00e9e\" \/>\n\t<meta name=\"twitter:data2\" content=\"6 minutes\" \/>\n<script type=\"application\/ld+json\" class=\"yoast-schema-graph\">{\"@context\":\"https:\\\/\\\/schema.org\",\"@graph\":[{\"@type\":\"Article\",\"@id\":\"https:\\\/\\\/www.fanny-dirriere.fr\\\/blog\\\/carte-de-voeux-professionnelle\\\/#article\",\"isPartOf\":{\"@id\":\"https:\\\/\\\/www.fanny-dirriere.fr\\\/blog\\\/carte-de-voeux-professionnelle\\\/\"},\"author\":{\"name\":\"Fanny Dirri\u00e8re\",\"@id\":\"https:\\\/\\\/www.fanny-dirriere.fr\\\/blog\\\/#\\\/schema\\\/person\\\/12b712cac641a5f626cb9cb27aa0910b\"},\"headline\":\"Carte de v\u0153ux professionnelle pour 2026\",\"datePublished\":\"2025-11-12T10:54:00+00:00\",\"dateModified\":\"2025-12-10T08:39:25+00:00\",\"mainEntityOfPage\":{\"@id\":\"https:\\\/\\\/www.fanny-dirriere.fr\\\/blog\\\/carte-de-voeux-professionnelle\\\/\"},\"wordCount\":1189,\"publisher\":{\"@id\":\"https:\\\/\\\/www.fanny-dirriere.fr\\\/blog\\\/#\\\/schema\\\/person\\\/12b712cac641a5f626cb9cb27aa0910b\"},\"image\":{\"@id\":\"https:\\\/\\\/www.fanny-dirriere.fr\\\/blog\\\/carte-de-voeux-professionnelle\\\/#primaryimage\"},\"thumbnailUrl\":\"https:\\\/\\\/www.fanny-dirriere.fr\\\/blog\\\/wp-content\\\/uploads\\\/2022\\\/11\\\/carte-de-voeux.jpg\",\"articleSection\":[\"Conseils\"],\"inLanguage\":\"fr-FR\"},{\"@type\":\"WebPage\",\"@id\":\"https:\\\/\\\/www.fanny-dirriere.fr\\\/blog\\\/carte-de-voeux-professionnelle\\\/\",\"url\":\"https:\\\/\\\/www.fanny-dirriere.fr\\\/blog\\\/carte-de-voeux-professionnelle\\\/\",\"name\":\"Carte de v\u0153ux professionnelle pour 2026 - Blog \u00b7 Fanny Dirri\u00e8re\",\"isPartOf\":{\"@id\":\"https:\\\/\\\/www.fanny-dirriere.fr\\\/blog\\\/#website\"},\"primaryImageOfPage\":{\"@id\":\"https:\\\/\\\/www.fanny-dirriere.fr\\\/blog\\\/carte-de-voeux-professionnelle\\\/#primaryimage\"},\"image\":{\"@id\":\"https:\\\/\\\/www.fanny-dirriere.fr\\\/blog\\\/carte-de-voeux-professionnelle\\\/#primaryimage\"},\"thumbnailUrl\":\"https:\\\/\\\/www.fanny-dirriere.fr\\\/blog\\\/wp-content\\\/uploads\\\/2022\\\/11\\\/carte-de-voeux.jpg\",\"datePublished\":\"2025-11-12T10:54:00+00:00\",\"dateModified\":\"2025-12-10T08:39:25+00:00\",\"description\":\"La saison des v\u0153ux arrive bient\u00f4t ! \ud83c\udf84 Cet article vous permettra d\u2019anticiper la r\u00e9alisation de votre carte de v\u0153ux professionnelle.\",\"breadcrumb\":{\"@id\":\"https:\\\/\\\/www.fanny-dirriere.fr\\\/blog\\\/carte-de-voeux-professionnelle\\\/#breadcrumb\"},\"inLanguage\":\"fr-FR\",\"potentialAction\":[{\"@type\":\"ReadAction\",\"target\":[\"https:\\\/\\\/www.fanny-dirriere.fr\\\/blog\\\/carte-de-voeux-professionnelle\\\/\"]}]},{\"@type\":\"ImageObject\",\"inLanguage\":\"fr-FR\",\"@id\":\"https:\\\/\\\/www.fanny-dirriere.fr\\\/blog\\\/carte-de-voeux-professionnelle\\\/#primaryimage\",\"url\":\"https:\\\/\\\/www.fanny-dirriere.fr\\\/blog\\\/wp-content\\\/uploads\\\/2022\\\/11\\\/carte-de-voeux.jpg\",\"contentUrl\":\"https:\\\/\\\/www.fanny-dirriere.fr\\\/blog\\\/wp-content\\\/uploads\\\/2022\\\/11\\\/carte-de-voeux.jpg\",\"width\":2000,\"height\":1500,\"caption\":\"Carte de voeux papier ou digitale\"},{\"@type\":\"BreadcrumbList\",\"@id\":\"https:\\\/\\\/www.fanny-dirriere.fr\\\/blog\\\/carte-de-voeux-professionnelle\\\/#breadcrumb\",\"itemListElement\":[{\"@type\":\"ListItem\",\"position\":1,\"name\":\"Accueil\",\"item\":\"https:\\\/\\\/www.fanny-dirriere.fr\\\/blog\\\/\"},{\"@type\":\"ListItem\",\"position\":2,\"name\":\"Carte de v\u0153ux professionnelle pour 2026\"}]},{\"@type\":\"WebSite\",\"@id\":\"https:\\\/\\\/www.fanny-dirriere.fr\\\/blog\\\/#website\",\"url\":\"https:\\\/\\\/www.fanny-dirriere.fr\\\/blog\\\/\",\"name\":\"Blog \u00b7 Fanny Dirri\u00e8re\",\"description\":\"Retrouvez des contenus sur le d\u00e9veloppement de votre activit\u00e9, des connaissances, des ressources et des conseils dans le domaine de la communication.\",\"publisher\":{\"@id\":\"https:\\\/\\\/www.fanny-dirriere.fr\\\/blog\\\/#\\\/schema\\\/person\\\/12b712cac641a5f626cb9cb27aa0910b\"},\"potentialAction\":[{\"@type\":\"SearchAction\",\"target\":{\"@type\":\"EntryPoint\",\"urlTemplate\":\"https:\\\/\\\/www.fanny-dirriere.fr\\\/blog\\\/?s={search_term_string}\"},\"query-input\":{\"@type\":\"PropertyValueSpecification\",\"valueRequired\":true,\"valueName\":\"search_term_string\"}}],\"inLanguage\":\"fr-FR\"},{\"@type\":[\"Person\",\"Organization\"],\"@id\":\"https:\\\/\\\/www.fanny-dirriere.fr\\\/blog\\\/#\\\/schema\\\/person\\\/12b712cac641a5f626cb9cb27aa0910b\",\"name\":\"Fanny Dirri\u00e8re\",\"image\":{\"@type\":\"ImageObject\",\"inLanguage\":\"fr-FR\",\"@id\":\"https:\\\/\\\/www.fanny-dirriere.fr\\\/blog\\\/wp-content\\\/uploads\\\/2025\\\/03\\\/cropped-logo-blog.png\",\"url\":\"https:\\\/\\\/www.fanny-dirriere.fr\\\/blog\\\/wp-content\\\/uploads\\\/2025\\\/03\\\/cropped-logo-blog.png\",\"contentUrl\":\"https:\\\/\\\/www.fanny-dirriere.fr\\\/blog\\\/wp-content\\\/uploads\\\/2025\\\/03\\\/cropped-logo-blog.png\",\"width\":5638,\"height\":1575,\"caption\":\"Fanny Dirri\u00e8re\"},\"logo\":{\"@id\":\"https:\\\/\\\/www.fanny-dirriere.fr\\\/blog\\\/wp-content\\\/uploads\\\/2025\\\/03\\\/cropped-logo-blog.png\"},\"description\":\"Je suis graphiste freelance \u00e0 Reims depuis 2016. V\u00e9ritable passionn\u00e9e, j\u2019accompagne les entreprises dans leurs projets de communication. Je suis sp\u00e9cialis\u00e9e dans la conception des identit\u00e9s visuelles : logo, supports de communication, design et covering sur v\u00e9hicule, design des enseignes, cr\u00e9ation d'illustrations et supports pour les \u00e9v\u00e8nements. Je suis aussi experte dans le design des sites, interfaces web, jeux et applications.\",\"sameAs\":[\"https:\\\/\\\/www.fanny-dirriere.fr\\\/blog\",\"https:\\\/\\\/www.facebook.com\\\/fanny.dirriere.infographiste\",\"https:\\\/\\\/www.instagram.com\\\/fanny.dirriere\\\/\",\"https:\\\/\\\/www.linkedin.com\\\/in\\\/fanny-lehuraux-0528b553\\\/\",\"https:\\\/\\\/x.com\\\/https:\\\/\\\/twitter.com\\\/fdirriere\",\"https:\\\/\\\/www.youtube.com\\\/channel\\\/UCa5Rb4VYtjKVqC0o8iXBiSg\"],\"url\":\"https:\\\/\\\/www.fanny-dirriere.fr\\\/blog\\\/author\\\/fanny-lhx\\\/\"}]}<\/script>\n<!-- \/ Yoast SEO plugin. -->","yoast_head_json":{"title":"Carte de v\u0153ux professionnelle pour 2026 - Blog \u00b7 Fanny Dirri\u00e8re","description":"La saison des v\u0153ux arrive bient\u00f4t ! \ud83c\udf84 Cet article vous permettra d\u2019anticiper la r\u00e9alisation de votre carte de v\u0153ux professionnelle.","robots":{"index":"index","follow":"follow","max-snippet":"max-snippet:-1","max-image-preview":"max-image-preview:large","max-video-preview":"max-video-preview:-1"},"canonical":"https:\/\/www.fanny-dirriere.fr\/blog\/carte-de-voeux-professionnelle\/","og_locale":"fr_FR","og_type":"article","og_title":"Carte de v\u0153ux professionnelle pour 2024","og_description":"La saison des v\u0153ux arrive bient\u00f4t ! \ud83c\udf84 Cet article vous permettra d\u2019anticiper la r\u00e9alisation de votre carte de v\u0153ux professionnelle.","og_url":"https:\/\/www.fanny-dirriere.fr\/blog\/carte-de-voeux-professionnelle\/","og_site_name":"Blog \u00b7 Fanny Dirri\u00e8re","article_publisher":"https:\/\/www.facebook.com\/fanny.dirriere.infographiste","article_author":"https:\/\/www.facebook.com\/fanny.dirriere.infographiste","article_published_time":"2025-11-12T10:54:00+00:00","article_modified_time":"2025-12-10T08:39:25+00:00","og_image":[{"width":2000,"height":1500,"url":"https:\/\/www.fanny-dirriere.fr\/blog\/wp-content\/uploads\/2022\/11\/carte-de-voeux.jpg","type":"image\/jpeg"}],"author":"Fanny Dirri\u00e8re","twitter_card":"summary_large_image","twitter_title":"Carte de v\u0153ux professionnelle pour 2023","twitter_description":"La saison des v\u0153ux arrive bient\u00f4t ! \ud83c\udf84 Cet article vous permettra d\u2019anticiper la r\u00e9alisation de votre carte de v\u0153ux professionnelle.","twitter_image":"https:\/\/www.fanny-dirriere.fr\/blog\/wp-content\/uploads\/2022\/11\/carte-de-voeux.jpg","twitter_creator":"@https:\/\/twitter.com\/fdirriere","twitter_site":"@fdirriere","twitter_misc":{"\u00c9crit par":"Fanny Dirri\u00e8re","Dur\u00e9e de lecture estim\u00e9e":"6 minutes"},"schema":{"@context":"https:\/\/schema.org","@graph":[{"@type":"Article","@id":"https:\/\/www.fanny-dirriere.fr\/blog\/carte-de-voeux-professionnelle\/#article","isPartOf":{"@id":"https:\/\/www.fanny-dirriere.fr\/blog\/carte-de-voeux-professionnelle\/"},"author":{"name":"Fanny Dirri\u00e8re","@id":"https:\/\/www.fanny-dirriere.fr\/blog\/#\/schema\/person\/12b712cac641a5f626cb9cb27aa0910b"},"headline":"Carte de v\u0153ux professionnelle pour 2026","datePublished":"2025-11-12T10:54:00+00:00","dateModified":"2025-12-10T08:39:25+00:00","mainEntityOfPage":{"@id":"https:\/\/www.fanny-dirriere.fr\/blog\/carte-de-voeux-professionnelle\/"},"wordCount":1189,"publisher":{"@id":"https:\/\/www.fanny-dirriere.fr\/blog\/#\/schema\/person\/12b712cac641a5f626cb9cb27aa0910b"},"image":{"@id":"https:\/\/www.fanny-dirriere.fr\/blog\/carte-de-voeux-professionnelle\/#primaryimage"},"thumbnailUrl":"https:\/\/www.fanny-dirriere.fr\/blog\/wp-content\/uploads\/2022\/11\/carte-de-voeux.jpg","articleSection":["Conseils"],"inLanguage":"fr-FR"},{"@type":"WebPage","@id":"https:\/\/www.fanny-dirriere.fr\/blog\/carte-de-voeux-professionnelle\/","url":"https:\/\/www.fanny-dirriere.fr\/blog\/carte-de-voeux-professionnelle\/","name":"Carte de v\u0153ux professionnelle pour 2026 - Blog \u00b7 Fanny Dirri\u00e8re","isPartOf":{"@id":"https:\/\/www.fanny-dirriere.fr\/blog\/#website"},"primaryImageOfPage":{"@id":"https:\/\/www.fanny-dirriere.fr\/blog\/carte-de-voeux-professionnelle\/#primaryimage"},"image":{"@id":"https:\/\/www.fanny-dirriere.fr\/blog\/carte-de-voeux-professionnelle\/#primaryimage"},"thumbnailUrl":"https:\/\/www.fanny-dirriere.fr\/blog\/wp-content\/uploads\/2022\/11\/carte-de-voeux.jpg","datePublished":"2025-11-12T10:54:00+00:00","dateModified":"2025-12-10T08:39:25+00:00","description":"La saison des v\u0153ux arrive bient\u00f4t ! \ud83c\udf84 Cet article vous permettra d\u2019anticiper la r\u00e9alisation de votre carte de v\u0153ux professionnelle.","breadcrumb":{"@id":"https:\/\/www.fanny-dirriere.fr\/blog\/carte-de-voeux-professionnelle\/#breadcrumb"},"inLanguage":"fr-FR","potentialAction":[{"@type":"ReadAction","target":["https:\/\/www.fanny-dirriere.fr\/blog\/carte-de-voeux-professionnelle\/"]}]},{"@type":"ImageObject","inLanguage":"fr-FR","@id":"https:\/\/www.fanny-dirriere.fr\/blog\/carte-de-voeux-professionnelle\/#primaryimage","url":"https:\/\/www.fanny-dirriere.fr\/blog\/wp-content\/uploads\/2022\/11\/carte-de-voeux.jpg","contentUrl":"https:\/\/www.fanny-dirriere.fr\/blog\/wp-content\/uploads\/2022\/11\/carte-de-voeux.jpg","width":2000,"height":1500,"caption":"Carte de voeux papier ou digitale"},{"@type":"BreadcrumbList","@id":"https:\/\/www.fanny-dirriere.fr\/blog\/carte-de-voeux-professionnelle\/#breadcrumb","itemListElement":[{"@type":"ListItem","position":1,"name":"Accueil","item":"https:\/\/www.fanny-dirriere.fr\/blog\/"},{"@type":"ListItem","position":2,"name":"Carte de v\u0153ux professionnelle pour 2026"}]},{"@type":"WebSite","@id":"https:\/\/www.fanny-dirriere.fr\/blog\/#website","url":"https:\/\/www.fanny-dirriere.fr\/blog\/","name":"Blog \u00b7 Fanny Dirri\u00e8re","description":"Retrouvez des contenus sur le d\u00e9veloppement de votre activit\u00e9, des connaissances, des ressources et des conseils dans le domaine de la communication.","publisher":{"@id":"https:\/\/www.fanny-dirriere.fr\/blog\/#\/schema\/person\/12b712cac641a5f626cb9cb27aa0910b"},"potentialAction":[{"@type":"SearchAction","target":{"@type":"EntryPoint","urlTemplate":"https:\/\/www.fanny-dirriere.fr\/blog\/?s={search_term_string}"},"query-input":{"@type":"PropertyValueSpecification","valueRequired":true,"valueName":"search_term_string"}}],"inLanguage":"fr-FR"},{"@type":["Person","Organization"],"@id":"https:\/\/www.fanny-dirriere.fr\/blog\/#\/schema\/person\/12b712cac641a5f626cb9cb27aa0910b","name":"Fanny Dirri\u00e8re","image":{"@type":"ImageObject","inLanguage":"fr-FR","@id":"https:\/\/www.fanny-dirriere.fr\/blog\/wp-content\/uploads\/2025\/03\/cropped-logo-blog.png","url":"https:\/\/www.fanny-dirriere.fr\/blog\/wp-content\/uploads\/2025\/03\/cropped-logo-blog.png","contentUrl":"https:\/\/www.fanny-dirriere.fr\/blog\/wp-content\/uploads\/2025\/03\/cropped-logo-blog.png","width":5638,"height":1575,"caption":"Fanny Dirri\u00e8re"},"logo":{"@id":"https:\/\/www.fanny-dirriere.fr\/blog\/wp-content\/uploads\/2025\/03\/cropped-logo-blog.png"},"description":"Je suis graphiste freelance \u00e0 Reims depuis 2016. V\u00e9ritable passionn\u00e9e, j\u2019accompagne les entreprises dans leurs projets de communication. Je suis sp\u00e9cialis\u00e9e dans la conception des identit\u00e9s visuelles : logo, supports de communication, design et covering sur v\u00e9hicule, design des enseignes, cr\u00e9ation d'illustrations et supports pour les \u00e9v\u00e8nements. Je suis aussi experte dans le design des sites, interfaces web, jeux et applications.","sameAs":["https:\/\/www.fanny-dirriere.fr\/blog","https:\/\/www.facebook.com\/fanny.dirriere.infographiste","https:\/\/www.instagram.com\/fanny.dirriere\/","https:\/\/www.linkedin.com\/in\/fanny-lehuraux-0528b553\/","https:\/\/x.com\/https:\/\/twitter.com\/fdirriere","https:\/\/www.youtube.com\/channel\/UCa5Rb4VYtjKVqC0o8iXBiSg"],"url":"https:\/\/www.fanny-dirriere.fr\/blog\/author\/fanny-lhx\/"}]}},"_links":{"self":[{"href":"https:\/\/www.fanny-dirriere.fr\/blog\/wp-json\/wp\/v2\/posts\/542","targetHints":{"allow":["GET"]}}],"collection":[{"href":"https:\/\/www.fanny-dirriere.fr\/blog\/wp-json\/wp\/v2\/posts"}],"about":[{"href":"https:\/\/www.fanny-dirriere.fr\/blog\/wp-json\/wp\/v2\/types\/post"}],"author":[{"embeddable":true,"href":"https:\/\/www.fanny-dirriere.fr\/blog\/wp-json\/wp\/v2\/users\/1"}],"replies":[{"embeddable":true,"href":"https:\/\/www.fanny-dirriere.fr\/blog\/wp-json\/wp\/v2\/comments?post=542"}],"version-history":[{"count":60,"href":"https:\/\/www.fanny-dirriere.fr\/blog\/wp-json\/wp\/v2\/posts\/542\/revisions"}],"predecessor-version":[{"id":2866,"href":"https:\/\/www.fanny-dirriere.fr\/blog\/wp-json\/wp\/v2\/posts\/542\/revisions\/2866"}],"wp:featuredmedia":[{"embeddable":true,"href":"https:\/\/www.fanny-dirriere.fr\/blog\/wp-json\/wp\/v2\/media\/541"}],"wp:attachment":[{"href":"https:\/\/www.fanny-dirriere.fr\/blog\/wp-json\/wp\/v2\/media?parent=542"}],"wp:term":[{"taxonomy":"category","embeddable":true,"href":"https:\/\/www.fanny-dirriere.fr\/blog\/wp-json\/wp\/v2\/categories?post=542"},{"taxonomy":"post_tag","embeddable":true,"href":"https:\/\/www.fanny-dirriere.fr\/blog\/wp-json\/wp\/v2\/tags?post=542"}],"curies":[{"name":"wp","href":"https:\/\/api.w.org\/{rel}","templated":true}]}}